{"id":22544,"date":"2023-04-09T22:07:55","date_gmt":"2023-04-09T21:07:55","guid":{"rendered":"http:\/\/noticiasarquitectura.info\/?p=22544"},"modified":"2023-04-09T22:07:56","modified_gmt":"2023-04-09T21:07:56","slug":"china-cabanas-de-madera-en-jiujiang-parallect-design","status":"publish","type":"post","link":"https:\/\/www.professionearchitetto.it\/news\/es\/china-cabanas-de-madera-en-jiujiang-parallect-design\/","title":{"rendered":"China: Caba\u00f1as de madera en Jiujiang &#8211; Parallect Design"},"content":{"rendered":"<div class=\"wp-block-image\">\n<figure class=\"aligncenter size-full\"><a href=\"https:\/\/arquitecturaviva.com\/obras\/cabana-fairy-town\" target=\"_blank\" rel=\"noreferrer noopener\"><img loading=\"lazy\" decoding=\"async\" width=\"640\" height=\"960\" src=\"http:\/\/noticiasarquitectura.info\/wp-content\/uploads\/2023\/04\/pueblocabanasdemadera640.jpg\" alt=\"China: El pueblo de las caba\u00f1as de madera en Jiujiang - Parallect Design\" class=\"wp-image-22546\" srcset=\"https:\/\/www.professionearchitetto.it\/up\/nfw\/2023\/04\/pueblocabanasdemadera640.jpg 640w, https:\/\/www.professionearchitetto.it\/up\/nfw\/2023\/04\/pueblocabanasdemadera640-330x495.jpg 330w\" sizes=\"auto, (max-width: 640px) 100vw, 640px\" \/><\/a><figcaption class=\"wp-element-caption\">Foto: Yingda Xu  Di Huang <\/figcaption><\/figure>\n<\/div>\n\n\n<p>China > Al suroeste de Jiujiang, en la provincia china de Jiangxi, este conjunto emerge con diecinueve caba\u00f1as prefabricadas, un pabell\u00f3n multifuncional y una torre de observaci\u00f3n de 24 metros de altura. La firma china <a href=\"https:\/\/www.parallect-design.com\/\" target=\"_blank\" rel=\"noreferrer noopener\">Parallect Design<\/a> recibi\u00f3 el encargo sin un programa concreto por lo que el requisito principal del proyecto era la flexibilidad para albergar diferentes usos\u2026.. [<a href=\"https:\/\/arquitecturaviva.com\/obras\/cabana-fairy-town\" target=\"_blank\" rel=\"noreferrer noopener\">Arquitectura Viva<\/a>]<\/p>\n","protected":false},"excerpt":{"rendered":"<p>China > Al suroeste de Jiujiang, en la provincia china de Jiangxi, este conjunto emerge con diecinueve caba\u00f1as prefabricadas, un pabell\u00f3n multifuncional y una torre de observaci\u00f3n de 24 metros de altura. La firma china Parallect Design recibi\u00f3 el encargo sin un programa concreto por lo que el requisito principal del proyecto era la flexibilidad [&hellip;]<\/p>\n","protected":false},"author":2,"featured_media":22545,"comment_status":"closed","ping_status":"closed","sticky":false,"template":"","format":"standard","meta":{"footnotes":""},"categories":[4],"tags":[20],"class_list":{"0":"post-22544","1":"post","2":"type-post","3":"status-publish","4":"format-standard","5":"has-post-thumbnail","7":"category-es","8":"tag-china"},"amp_enabled":true,"_links":{"self":[{"href":"https:\/\/www.professionearchitetto.it\/news\/es\/wp-json\/wp\/v2\/posts\/22544","targetHints":{"allow":["GET"]}}],"collection":[{"href":"https:\/\/www.professionearchitetto.it\/news\/es\/wp-json\/wp\/v2\/posts"}],"about":[{"href":"https:\/\/www.professionearchitetto.it\/news\/es\/wp-json\/wp\/v2\/types\/post"}],"author":[{"embeddable":true,"href":"https:\/\/www.professionearchitetto.it\/news\/es\/wp-json\/wp\/v2\/users\/2"}],"replies":[{"embeddable":true,"href":"https:\/\/www.professionearchitetto.it\/news\/es\/wp-json\/wp\/v2\/comments?post=22544"}],"version-history":[{"count":0,"href":"https:\/\/www.professionearchitetto.it\/news\/es\/wp-json\/wp\/v2\/posts\/22544\/revisions"}],"wp:featuredmedia":[{"embeddable":true,"href":"https:\/\/www.professionearchitetto.it\/news\/es\/wp-json\/wp\/v2\/media\/22545"}],"wp:attachment":[{"href":"https:\/\/www.professionearchitetto.it\/news\/es\/wp-json\/wp\/v2\/media?parent=22544"}],"wp:term":[{"taxonomy":"category","embeddable":true,"href":"https:\/\/www.professionearchitetto.it\/news\/es\/wp-json\/wp\/v2\/categories?post=22544"},{"taxonomy":"post_tag","embeddable":true,"href":"https:\/\/www.professionearchitetto.it\/news\/es\/wp-json\/wp\/v2\/tags?post=22544"}],"curies":[{"name":"wp","href":"https:\/\/api.w.org\/{rel}","templated":true}]}}