{"id":23220,"date":"2024-01-22T20:34:14","date_gmt":"2024-01-22T19:34:14","guid":{"rendered":"https:\/\/noticiasarquitectura.info\/?p=23220"},"modified":"2024-01-22T20:34:14","modified_gmt":"2024-01-22T19:34:14","slug":"londres-serpentine-gallery-pavilion-2024-mass-studies","status":"publish","type":"post","link":"https:\/\/www.professionearchitetto.it\/news\/es\/londres-serpentine-gallery-pavilion-2024-mass-studies\/","title":{"rendered":"Londres: Serpentine Gallery Pavilion 2024 \u2013 Mass Studies"},"content":{"rendered":"<div class=\"wp-block-image\">\n<figure class=\"aligncenter size-full\"><a href=\"https:\/\/www.theguardian.com\/artanddesign\/2024\/jan\/22\/serpentine-pavilion-minsuk-cho-coffee-tea\" target=\"_blank\" rel=\"noreferrer noopener\"><img loading=\"lazy\" decoding=\"async\" width=\"640\" height=\"384\" src=\"http:\/\/noticiasarquitectura.info\/wp-content\/uploads\/2024\/01\/serpentine2024-640.jpg\" alt=\"Londres: Serpentine Gallery Pavilion 2024 \u2013 Mass Studies\" class=\"wp-image-23222\" srcset=\"https:\/\/www.professionearchitetto.it\/up\/nfw\/2024\/01\/serpentine2024-640.jpg 640w, https:\/\/www.professionearchitetto.it\/up\/nfw\/2024\/01\/serpentine2024-640-330x198.jpg 330w\" sizes=\"auto, (max-width: 640px) 100vw, 640px\" \/><\/a><\/figure>\n<\/div>\n\n\n<p><\/p>\n\n\n\n<p>El arquitecto coreano Minsuk Cho fundador de la firma <a href=\"https:\/\/www.massstudies.com\/\" target=\"_blank\" rel=\"noreferrer noopener\">Mass Studies<\/a>, ser\u00e1 el encargado de dise\u00f1ar el pr\u00f3ximo pabell\u00f3n temporario que cada a\u00f1o la <a href=\"https:\/\/www.serpentinegalleries.org\/\" target=\"_blank\" rel=\"noreferrer noopener\">Serpentine Gallery <\/a>de Londres construye en los meses de verano. El pabell\u00f3n ser\u00e1 inaugurado en el mes de junio. [<a href=\"https:\/\/www.dezeen.com\/2024\/01\/22\/serpentine-pavilion-2024-minsuk-cho-mass-studies\/\" target=\"_blank\" rel=\"noreferrer noopener\">dezeen<\/a> \/ <a href=\"https:\/\/www.theguardian.com\/artanddesign\/2024\/jan\/22\/serpentine-pavilion-minsuk-cho-coffee-tea\" target=\"_blank\" rel=\"noreferrer noopener\">The Guardian<\/a>]<\/p>\n","protected":false},"excerpt":{"rendered":"<p>El arquitecto coreano Minsuk Cho fundador de la firma Mass Studies, ser\u00e1 el encargado de dise\u00f1ar el pr\u00f3ximo pabell\u00f3n temporario que cada a\u00f1o la Serpentine Gallery de Londres construye en los meses de verano. El pabell\u00f3n ser\u00e1 inaugurado en el mes de junio. [dezeen \/ The Guardian]<\/p>\n","protected":false},"author":2,"featured_media":23221,"comment_status":"closed","ping_status":"closed","sticky":false,"template":"","format":"standard","meta":{"footnotes":""},"categories":[4],"tags":[232,1216,32],"class_list":{"0":"post-23220","1":"post","2":"type-post","3":"status-publish","4":"format-standard","5":"has-post-thumbnail","7":"category-es","8":"tag-mass-studies","9":"tag-serpentine-gallery","10":"tag-serpentine-gallery-pavilion"},"amp_enabled":true,"_links":{"self":[{"href":"https:\/\/www.professionearchitetto.it\/news\/es\/wp-json\/wp\/v2\/posts\/23220","targetHints":{"allow":["GET"]}}],"collection":[{"href":"https:\/\/www.professionearchitetto.it\/news\/es\/wp-json\/wp\/v2\/posts"}],"about":[{"href":"https:\/\/www.professionearchitetto.it\/news\/es\/wp-json\/wp\/v2\/types\/post"}],"author":[{"embeddable":true,"href":"https:\/\/www.professionearchitetto.it\/news\/es\/wp-json\/wp\/v2\/users\/2"}],"replies":[{"embeddable":true,"href":"https:\/\/www.professionearchitetto.it\/news\/es\/wp-json\/wp\/v2\/comments?post=23220"}],"version-history":[{"count":0,"href":"https:\/\/www.professionearchitetto.it\/news\/es\/wp-json\/wp\/v2\/posts\/23220\/revisions"}],"wp:featuredmedia":[{"embeddable":true,"href":"https:\/\/www.professionearchitetto.it\/news\/es\/wp-json\/wp\/v2\/media\/23221"}],"wp:attachment":[{"href":"https:\/\/www.professionearchitetto.it\/news\/es\/wp-json\/wp\/v2\/media?parent=23220"}],"wp:term":[{"taxonomy":"category","embeddable":true,"href":"https:\/\/www.professionearchitetto.it\/news\/es\/wp-json\/wp\/v2\/categories?post=23220"},{"taxonomy":"post_tag","embeddable":true,"href":"https:\/\/www.professionearchitetto.it\/news\/es\/wp-json\/wp\/v2\/tags?post=23220"}],"curies":[{"name":"wp","href":"https:\/\/api.w.org\/{rel}","templated":true}]}}