{"id":23501,"date":"2024-04-24T20:24:30","date_gmt":"2024-04-24T19:24:30","guid":{"rendered":"http:\/\/noticiasarquitectura.info\/?p=23501"},"modified":"2024-04-24T20:24:31","modified_gmt":"2024-04-24T19:24:31","slug":"espana-casa-ma-bxd-arquitectura-cra-de-studio","status":"publish","type":"post","link":"https:\/\/www.professionearchitetto.it\/news\/es\/espana-casa-ma-bxd-arquitectura-cra-de-studio\/","title":{"rendered":"Espa\u00f1a: Casa MA &#8211; Bxd arquitectura \/ Cra-De.studio"},"content":{"rendered":"<div class=\"wp-block-image\">\n<figure class=\"aligncenter size-full\"><a href=\"https:\/\/afasiaarchzine.com\/2024\/04\/bxd-arquitectura-cra-de-studio-ma-house-sant-cugat-de-valles\/\" target=\"_blank\" rel=\"noreferrer noopener\"><img loading=\"lazy\" decoding=\"async\" width=\"640\" height=\"925\" src=\"http:\/\/noticiasarquitectura.info\/wp-content\/uploads\/2024\/04\/casaMA640.jpg\" alt=\"Espa\u00f1a: Casa MA - Bxd arquitectura \/ Cra-De.studio\" class=\"wp-image-23503\" srcset=\"https:\/\/www.professionearchitetto.it\/up\/nfw\/2024\/04\/casaMA640.jpg 640w, https:\/\/www.professionearchitetto.it\/up\/nfw\/2024\/04\/casaMA640-330x477.jpg 330w\" sizes=\"auto, (max-width: 640px) 100vw, 640px\" \/><\/a><figcaption class=\"wp-element-caption\">Foto: Aleix Bagu\u00e9<\/figcaption><\/figure>\n<\/div>\n\n\n<p>Espa\u00f1a > Casa MA, reforma y ampliaci\u00f3n de peque\u00f1o edificio plurifamiliar con 2+3 viviendas en Sant Cugat de Vall\u00e8s, Barcelona, obra de los estudios <a href=\"https:\/\/bxdarquitectura.com\/es\/\" target=\"_blank\" rel=\"noreferrer noopener\">Bxd arquitectura<\/a> \/ Cra-De.studio [<a href=\"https:\/\/afasiaarchzine.com\/2024\/04\/bxd-arquitectura-cra-de-studio-ma-house-sant-cugat-de-valles\/\" target=\"_blank\" rel=\"noreferrer noopener\">afasia<\/a>]<\/p>\n","protected":false},"excerpt":{"rendered":"<p>Espa\u00f1a > Casa MA, reforma y ampliaci\u00f3n de peque\u00f1o edificio plurifamiliar con 2+3 viviendas en Sant Cugat de Vall\u00e8s, Barcelona, obra de los estudios Bxd arquitectura \/ Cra-De.studio [afasia]<\/p>\n","protected":false},"author":2,"featured_media":23502,"comment_status":"closed","ping_status":"closed","sticky":false,"template":"","format":"standard","meta":{"footnotes":""},"categories":[4],"tags":[2924,2925,14,12],"class_list":{"0":"post-23501","1":"post","2":"type-post","3":"status-publish","4":"format-standard","5":"has-post-thumbnail","7":"category-es","8":"tag-bxd-arquitectura","9":"tag-cra-de-studio","10":"tag-espana","11":"tag-vivienda"},"amp_enabled":true,"_links":{"self":[{"href":"https:\/\/www.professionearchitetto.it\/news\/es\/wp-json\/wp\/v2\/posts\/23501","targetHints":{"allow":["GET"]}}],"collection":[{"href":"https:\/\/www.professionearchitetto.it\/news\/es\/wp-json\/wp\/v2\/posts"}],"about":[{"href":"https:\/\/www.professionearchitetto.it\/news\/es\/wp-json\/wp\/v2\/types\/post"}],"author":[{"embeddable":true,"href":"https:\/\/www.professionearchitetto.it\/news\/es\/wp-json\/wp\/v2\/users\/2"}],"replies":[{"embeddable":true,"href":"https:\/\/www.professionearchitetto.it\/news\/es\/wp-json\/wp\/v2\/comments?post=23501"}],"version-history":[{"count":0,"href":"https:\/\/www.professionearchitetto.it\/news\/es\/wp-json\/wp\/v2\/posts\/23501\/revisions"}],"wp:featuredmedia":[{"embeddable":true,"href":"https:\/\/www.professionearchitetto.it\/news\/es\/wp-json\/wp\/v2\/media\/23502"}],"wp:attachment":[{"href":"https:\/\/www.professionearchitetto.it\/news\/es\/wp-json\/wp\/v2\/media?parent=23501"}],"wp:term":[{"taxonomy":"category","embeddable":true,"href":"https:\/\/www.professionearchitetto.it\/news\/es\/wp-json\/wp\/v2\/categories?post=23501"},{"taxonomy":"post_tag","embeddable":true,"href":"https:\/\/www.professionearchitetto.it\/news\/es\/wp-json\/wp\/v2\/tags?post=23501"}],"curies":[{"name":"wp","href":"https:\/\/api.w.org\/{rel}","templated":true}]}}