{"id":5869,"date":"2009-09-11T04:10:00","date_gmt":"2009-09-11T03:10:00","guid":{"rendered":"http:\/\/w2.noticiasarquitectura.info\/zona-cero-zona-de-actividad-cero\/"},"modified":"2009-09-11T04:10:00","modified_gmt":"2009-09-11T03:10:00","slug":"zona-cero-zona-de-actividad-cero","status":"publish","type":"post","link":"https:\/\/www.professionearchitetto.it\/news\/es\/zona-cero-zona-de-actividad-cero\/","title":{"rendered":"&#8216;Zona cero&#8217;: zona de actividad cero"},"content":{"rendered":"<div class=\"testo_es\">La reconstrucci\u00f3n del World Trade Center est\u00e1 paralizada por la burocracia. En v\u00edsperas del octavo aniversario del 11-S, se esperan retrasos de cinco a\u00f1os [<A href=\"http:\/\/www.elpais.com\/articulo\/cultura\/Zona\/cero\/zona\/actividad\/cero\/elpepucul\/20090910elpepicul_1\/Tes\" target=_blank>ELPAIS.com<\/A>]<\/div>\n","protected":false},"excerpt":{"rendered":"<p>La reconstrucci\u00f3n del World Trade Center est\u00e1 paralizada por la burocracia. En v\u00edsperas del octavo aniversario del 11-S, se esperan retrasos de cinco a\u00f1os [ELPAIS.com]<\/p>\n","protected":false},"author":1,"featured_media":5870,"comment_status":"open","ping_status":"open","sticky":false,"template":"","format":"standard","meta":{"footnotes":""},"categories":[4],"tags":[],"class_list":{"0":"post-5869","1":"post","2":"type-post","3":"status-publish","4":"format-standard","5":"has-post-thumbnail","7":"category-es"},"amp_enabled":true,"_links":{"self":[{"href":"https:\/\/www.professionearchitetto.it\/news\/es\/wp-json\/wp\/v2\/posts\/5869","targetHints":{"allow":["GET"]}}],"collection":[{"href":"https:\/\/www.professionearchitetto.it\/news\/es\/wp-json\/wp\/v2\/posts"}],"about":[{"href":"https:\/\/www.professionearchitetto.it\/news\/es\/wp-json\/wp\/v2\/types\/post"}],"author":[{"embeddable":true,"href":"https:\/\/www.professionearchitetto.it\/news\/es\/wp-json\/wp\/v2\/users\/1"}],"replies":[{"embeddable":true,"href":"https:\/\/www.professionearchitetto.it\/news\/es\/wp-json\/wp\/v2\/comments?post=5869"}],"version-history":[{"count":0,"href":"https:\/\/www.professionearchitetto.it\/news\/es\/wp-json\/wp\/v2\/posts\/5869\/revisions"}],"wp:featuredmedia":[{"embeddable":true,"href":"https:\/\/www.professionearchitetto.it\/news\/es\/wp-json\/wp\/v2\/media\/5870"}],"wp:attachment":[{"href":"https:\/\/www.professionearchitetto.it\/news\/es\/wp-json\/wp\/v2\/media?parent=5869"}],"wp:term":[{"taxonomy":"category","embeddable":true,"href":"https:\/\/www.professionearchitetto.it\/news\/es\/wp-json\/wp\/v2\/categories?post=5869"},{"taxonomy":"post_tag","embeddable":true,"href":"https:\/\/www.professionearchitetto.it\/news\/es\/wp-json\/wp\/v2\/tags?post=5869"}],"curies":[{"name":"wp","href":"https:\/\/api.w.org\/{rel}","templated":true}]}}