{"id":6765,"date":"2009-02-06T02:05:53","date_gmt":"2009-02-06T01:05:53","guid":{"rendered":"http:\/\/w2.noticiasarquitectura.info\/brasilia-le-dice-no-a-niemeyer\/"},"modified":"2009-02-06T02:05:53","modified_gmt":"2009-02-06T01:05:53","slug":"brasilia-le-dice-no-a-niemeyer","status":"publish","type":"post","link":"https:\/\/www.professionearchitetto.it\/news\/es\/brasilia-le-dice-no-a-niemeyer\/","title":{"rendered":"Brasilia le dice no a Niemeyer"},"content":{"rendered":"<div class=\"testo_es\">Brasilia le dice no a <A href=\"http:\/\/es.wikipedia.org\/wiki\/Oscar_Niemeyer\" target=_blank>Niemeyer<\/A>. Asociaciones patrimoniales se oponen a la construcci\u00f3n de una nueva plaza, junto a la Plaza de los Tres Poderes, el Congreso Nacional y la Catedral Metropolitana, edificios declarados patrimonio de la humanidad, tambi\u00e9n de su autor\u00eda [<A href=\"http:\/\/www.lanacion.com.ar\/nota.asp?nota_id=1096505\" target=_blank>La Naci\u00f3n<\/A>] <\/div>\n","protected":false},"excerpt":{"rendered":"<p>Brasilia le dice no a Niemeyer. Asociaciones patrimoniales se oponen a la construcci\u00f3n de una nueva plaza, junto a la Plaza de los Tres Poderes, el Congreso Nacional y la Catedral Metropolitana, edificios declarados patrimonio de la humanidad, tambi\u00e9n de su autor\u00eda [La Naci\u00f3n]<\/p>\n","protected":false},"author":1,"featured_media":6766,"comment_status":"open","ping_status":"open","sticky":false,"template":"","format":"standard","meta":{"footnotes":""},"categories":[4],"tags":[],"class_list":{"0":"post-6765","1":"post","2":"type-post","3":"status-publish","4":"format-standard","5":"has-post-thumbnail","7":"category-es"},"amp_enabled":true,"_links":{"self":[{"href":"https:\/\/www.professionearchitetto.it\/news\/es\/wp-json\/wp\/v2\/posts\/6765","targetHints":{"allow":["GET"]}}],"collection":[{"href":"https:\/\/www.professionearchitetto.it\/news\/es\/wp-json\/wp\/v2\/posts"}],"about":[{"href":"https:\/\/www.professionearchitetto.it\/news\/es\/wp-json\/wp\/v2\/types\/post"}],"author":[{"embeddable":true,"href":"https:\/\/www.professionearchitetto.it\/news\/es\/wp-json\/wp\/v2\/users\/1"}],"replies":[{"embeddable":true,"href":"https:\/\/www.professionearchitetto.it\/news\/es\/wp-json\/wp\/v2\/comments?post=6765"}],"version-history":[{"count":0,"href":"https:\/\/www.professionearchitetto.it\/news\/es\/wp-json\/wp\/v2\/posts\/6765\/revisions"}],"wp:featuredmedia":[{"embeddable":true,"href":"https:\/\/www.professionearchitetto.it\/news\/es\/wp-json\/wp\/v2\/media\/6766"}],"wp:attachment":[{"href":"https:\/\/www.professionearchitetto.it\/news\/es\/wp-json\/wp\/v2\/media?parent=6765"}],"wp:term":[{"taxonomy":"category","embeddable":true,"href":"https:\/\/www.professionearchitetto.it\/news\/es\/wp-json\/wp\/v2\/categories?post=6765"},{"taxonomy":"post_tag","embeddable":true,"href":"https:\/\/www.professionearchitetto.it\/news\/es\/wp-json\/wp\/v2\/tags?post=6765"}],"curies":[{"name":"wp","href":"https:\/\/api.w.org\/{rel}","templated":true}]}}