{"id":7149,"date":"2008-10-15T02:23:03","date_gmt":"2008-10-15T01:23:03","guid":{"rendered":"http:\/\/w2.noticiasarquitectura.info\/mexico-df-congreso-internacional-de-arquitectura-2008\/"},"modified":"2008-10-15T02:23:03","modified_gmt":"2008-10-15T01:23:03","slug":"mexico-df-congreso-internacional-de-arquitectura-2008","status":"publish","type":"post","link":"https:\/\/www.professionearchitetto.it\/news\/es\/mexico-df-congreso-internacional-de-arquitectura-2008\/","title":{"rendered":"M\u00e9xico DF: Congreso Internacional de Arquitectura 2008"},"content":{"rendered":"<div class=\"testo_es\">M\u00e9xico DF &gt; Informaci\u00f3n sobre el <A href=\"http:\/\/www.congresointernacionaldearquitectura.com\/\" target=_blank>Congreso Internacional de Arquitectura 2008<\/A> que se llevar\u00e1 a cabo del 26 al 28 de noviembre en el patio central del <A href=\"http:\/\/www.museotamayo.org\/\" target=_blank>Museo de Arte Contempor\u00e1neo Rufino Tamayo<\/A>. En el Congreso participar\u00e1n: <A href=\"http:\/\/www.big.dk\/\" target=_blank>BIG<\/A> &#8211; Bjarke Ingels (Copenhague), Gehry Partners &#8211; Edwin Chan (Los Angeles), <A href=\"http:\/\/www.inabaprojects.com\/\" target=_blank>Jeffrey Inaba<\/A> (Los Angeles), <A href=\"http:\/\/www.jmayerh.com\/\" target=_blank>J. MAYER H<\/A>.(Berl\u00edn), <A href=\"http:\/\/www.i-mad.com\/\" target=_blank>MAD<\/A> &#8211; Ma Yansong (Beijing, China), <A href=\"http:\/\/www.mmaltzan.com\/\" target=_blank>Michael Maltzan Architecture<\/A> (EE UU), <A href=\"http:\/\/www.productora-df.com.mx\/\" target=_blank>PRODUCTORA<\/A> (M\u00e9xico D.F.), <A href=\"http:\/\/www.rojkindarquitectos.com\/\" target=_blank>Michel Rojkind <\/A>(M\u00e9xico D.F.), <A href=\"http:\/\/www.sadarvuga.com\/\" target=_blank>Jurij Sadar\/Bostjan Vuga<\/A> (Liubliana, Eslovenia) <A href=\"http:\/\/www.congresointernacionaldearquitectura.com\/Frameset.html\" target=_blank>&gt;&gt;&gt;<\/A> <\/div>\n","protected":false},"excerpt":{"rendered":"<p>M\u00e9xico DF &gt; Informaci\u00f3n sobre el Congreso Internacional de Arquitectura 2008 que se llevar\u00e1 a cabo del 26 al 28 de noviembre en el patio central del Museo de Arte Contempor\u00e1neo Rufino Tamayo. En el Congreso participar\u00e1n: BIG &#8211; Bjarke Ingels (Copenhague), Gehry Partners &#8211; Edwin Chan (Los Angeles), Jeffrey Inaba (Los Angeles), J. MAYER [&hellip;]<\/p>\n","protected":false},"author":1,"featured_media":7150,"comment_status":"open","ping_status":"open","sticky":false,"template":"","format":"standard","meta":{"footnotes":""},"categories":[4],"tags":[],"class_list":{"0":"post-7149","1":"post","2":"type-post","3":"status-publish","4":"format-standard","5":"has-post-thumbnail","7":"category-es"},"amp_enabled":true,"_links":{"self":[{"href":"https:\/\/www.professionearchitetto.it\/news\/es\/wp-json\/wp\/v2\/posts\/7149","targetHints":{"allow":["GET"]}}],"collection":[{"href":"https:\/\/www.professionearchitetto.it\/news\/es\/wp-json\/wp\/v2\/posts"}],"about":[{"href":"https:\/\/www.professionearchitetto.it\/news\/es\/wp-json\/wp\/v2\/types\/post"}],"author":[{"embeddable":true,"href":"https:\/\/www.professionearchitetto.it\/news\/es\/wp-json\/wp\/v2\/users\/1"}],"replies":[{"embeddable":true,"href":"https:\/\/www.professionearchitetto.it\/news\/es\/wp-json\/wp\/v2\/comments?post=7149"}],"version-history":[{"count":0,"href":"https:\/\/www.professionearchitetto.it\/news\/es\/wp-json\/wp\/v2\/posts\/7149\/revisions"}],"wp:featuredmedia":[{"embeddable":true,"href":"https:\/\/www.professionearchitetto.it\/news\/es\/wp-json\/wp\/v2\/media\/7150"}],"wp:attachment":[{"href":"https:\/\/www.professionearchitetto.it\/news\/es\/wp-json\/wp\/v2\/media?parent=7149"}],"wp:term":[{"taxonomy":"category","embeddable":true,"href":"https:\/\/www.professionearchitetto.it\/news\/es\/wp-json\/wp\/v2\/categories?post=7149"},{"taxonomy":"post_tag","embeddable":true,"href":"https:\/\/www.professionearchitetto.it\/news\/es\/wp-json\/wp\/v2\/tags?post=7149"}],"curies":[{"name":"wp","href":"https:\/\/api.w.org\/{rel}","templated":true}]}}