{"id":7583,"date":"2008-06-25T04:34:35","date_gmt":"2008-06-25T03:34:35","guid":{"rendered":"http:\/\/w2.noticiasarquitectura.info\/espana-tendra-un-nuevo-guggenheim\/"},"modified":"2008-06-25T04:34:35","modified_gmt":"2008-06-25T03:34:35","slug":"espana-tendra-un-nuevo-guggenheim","status":"publish","type":"post","link":"https:\/\/www.professionearchitetto.it\/news\/es\/espana-tendra-un-nuevo-guggenheim\/","title":{"rendered":"Espa\u00f1a tendr\u00e1 un nuevo Guggenheim"},"content":{"rendered":"<div class=\"testo_es\">Espa\u00f1a &gt; en el d\u00eda de ayer se anunci\u00f3 el proyecto para construir una &#8216;ampliaci\u00f3n&#8217; del <A href=\"http:\/\/www.guggenheim-bilbao.es\/\" target=_blank>Museo Guggenheim de Bilbao<\/A> en la zona de <A href=\"http:\/\/es.wikipedia.org\/wiki\/Urdaibai\" target=_blank>Urdaibai<\/A> (Vizcaya), parte de la cual es reserva de la biosfera&#8230;. [<A href=\"http:\/\/www.elpais.com\/articulo\/espana\/reserva\/natural\/Urdaibai\/acogera\/nuevo\/Guggenheim\/elpepucul\/20080624elpepunac_10\/Tes\" target=_blank>ELPAIS.com<\/A> \/ <A href=\"http:\/\/elmundo.es\/elmundo\/2008\/06\/24\/cultura\/1214299633.html\" target=_blank>elmundo.es<\/A>]<\/div>\n","protected":false},"excerpt":{"rendered":"<p>Espa\u00f1a &gt; en el d\u00eda de ayer se anunci\u00f3 el proyecto para construir una &#8216;ampliaci\u00f3n&#8217; del Museo Guggenheim de Bilbao en la zona de Urdaibai (Vizcaya), parte de la cual es reserva de la biosfera&#8230;. [ELPAIS.com \/ elmundo.es]<\/p>\n","protected":false},"author":1,"featured_media":7584,"comment_status":"open","ping_status":"open","sticky":false,"template":"","format":"standard","meta":{"footnotes":""},"categories":[4],"tags":[],"class_list":{"0":"post-7583","1":"post","2":"type-post","3":"status-publish","4":"format-standard","5":"has-post-thumbnail","7":"category-es"},"amp_enabled":true,"_links":{"self":[{"href":"https:\/\/www.professionearchitetto.it\/news\/es\/wp-json\/wp\/v2\/posts\/7583","targetHints":{"allow":["GET"]}}],"collection":[{"href":"https:\/\/www.professionearchitetto.it\/news\/es\/wp-json\/wp\/v2\/posts"}],"about":[{"href":"https:\/\/www.professionearchitetto.it\/news\/es\/wp-json\/wp\/v2\/types\/post"}],"author":[{"embeddable":true,"href":"https:\/\/www.professionearchitetto.it\/news\/es\/wp-json\/wp\/v2\/users\/1"}],"replies":[{"embeddable":true,"href":"https:\/\/www.professionearchitetto.it\/news\/es\/wp-json\/wp\/v2\/comments?post=7583"}],"version-history":[{"count":0,"href":"https:\/\/www.professionearchitetto.it\/news\/es\/wp-json\/wp\/v2\/posts\/7583\/revisions"}],"wp:featuredmedia":[{"embeddable":true,"href":"https:\/\/www.professionearchitetto.it\/news\/es\/wp-json\/wp\/v2\/media\/7584"}],"wp:attachment":[{"href":"https:\/\/www.professionearchitetto.it\/news\/es\/wp-json\/wp\/v2\/media?parent=7583"}],"wp:term":[{"taxonomy":"category","embeddable":true,"href":"https:\/\/www.professionearchitetto.it\/news\/es\/wp-json\/wp\/v2\/categories?post=7583"},{"taxonomy":"post_tag","embeddable":true,"href":"https:\/\/www.professionearchitetto.it\/news\/es\/wp-json\/wp\/v2\/tags?post=7583"}],"curies":[{"name":"wp","href":"https:\/\/api.w.org\/{rel}","templated":true}]}}