{"id":7605,"date":"2008-06-19T04:07:32","date_gmt":"2008-06-19T03:07:32","guid":{"rendered":"http:\/\/w2.noticiasarquitectura.info\/felipe-uribe-de-bedout-ser-social\/"},"modified":"2008-06-19T04:07:32","modified_gmt":"2008-06-19T03:07:32","slug":"felipe-uribe-de-bedout-ser-social","status":"publish","type":"post","link":"https:\/\/www.professionearchitetto.it\/news\/es\/felipe-uribe-de-bedout-ser-social\/","title":{"rendered":"Felipe Uribe de Bedout&#8230;. Ser social"},"content":{"rendered":"<div class=\"testo_es\">Felipe Uribe de Bedout&#8230; Este referente de la nueva arquitectura colombiana, propone edificios culturales donde el agua y los lugares de encuentro son un veh\u00edculo para integrar a los ciudadanos de Medell\u00edn.. [<A href=\"http:\/\/www.lanacion.com.ar\/edicionimpresa\/suplementos\/arquitectura\/nota.asp?nota_id=1022328\" target=_blank>La Naci\u00f3n<\/A>]<\/div>\n","protected":false},"excerpt":{"rendered":"<p>Felipe Uribe de Bedout&#8230; Este referente de la nueva arquitectura colombiana, propone edificios culturales donde el agua y los lugares de encuentro son un veh\u00edculo para integrar a los ciudadanos de Medell\u00edn.. [La Naci\u00f3n]<\/p>\n","protected":false},"author":1,"featured_media":7606,"comment_status":"open","ping_status":"open","sticky":false,"template":"","format":"standard","meta":{"footnotes":""},"categories":[4],"tags":[],"class_list":{"0":"post-7605","1":"post","2":"type-post","3":"status-publish","4":"format-standard","5":"has-post-thumbnail","7":"category-es"},"amp_enabled":true,"_links":{"self":[{"href":"https:\/\/www.professionearchitetto.it\/news\/es\/wp-json\/wp\/v2\/posts\/7605","targetHints":{"allow":["GET"]}}],"collection":[{"href":"https:\/\/www.professionearchitetto.it\/news\/es\/wp-json\/wp\/v2\/posts"}],"about":[{"href":"https:\/\/www.professionearchitetto.it\/news\/es\/wp-json\/wp\/v2\/types\/post"}],"author":[{"embeddable":true,"href":"https:\/\/www.professionearchitetto.it\/news\/es\/wp-json\/wp\/v2\/users\/1"}],"replies":[{"embeddable":true,"href":"https:\/\/www.professionearchitetto.it\/news\/es\/wp-json\/wp\/v2\/comments?post=7605"}],"version-history":[{"count":0,"href":"https:\/\/www.professionearchitetto.it\/news\/es\/wp-json\/wp\/v2\/posts\/7605\/revisions"}],"wp:featuredmedia":[{"embeddable":true,"href":"https:\/\/www.professionearchitetto.it\/news\/es\/wp-json\/wp\/v2\/media\/7606"}],"wp:attachment":[{"href":"https:\/\/www.professionearchitetto.it\/news\/es\/wp-json\/wp\/v2\/media?parent=7605"}],"wp:term":[{"taxonomy":"category","embeddable":true,"href":"https:\/\/www.professionearchitetto.it\/news\/es\/wp-json\/wp\/v2\/categories?post=7605"},{"taxonomy":"post_tag","embeddable":true,"href":"https:\/\/www.professionearchitetto.it\/news\/es\/wp-json\/wp\/v2\/tags?post=7605"}],"curies":[{"name":"wp","href":"https:\/\/api.w.org\/{rel}","templated":true}]}}