{"id":7885,"date":"2008-04-09T05:07:05","date_gmt":"2008-04-09T04:07:05","guid":{"rendered":"http:\/\/w2.noticiasarquitectura.info\/world-marble-awards-2008-feria-y-exhibicion\/"},"modified":"2008-04-09T05:07:05","modified_gmt":"2008-04-09T04:07:05","slug":"world-marble-awards-2008-feria-y-exhibicion","status":"publish","type":"post","link":"https:\/\/www.professionearchitetto.it\/news\/es\/world-marble-awards-2008-feria-y-exhibicion\/","title":{"rendered":"World Marble Awards 2008, feria y exhibici\u00f3n&#8230;."},"content":{"rendered":"<div class=\"testo_es\">World Marble Awards 2008 &gt; La Sociedad organizadora Internazionale Marmi e Macchine (IMM), otorg\u00f3 a Carlos y Gerard Pascal, de <A href=\"http:\/\/www.pascalarquitectos.com\/\" target=_blank>Pascal Arquitectos<\/A>, el primer premio correspondiente a la Secci\u00f3n 1, Revestimientos externos, por el proyecto &#8216;<A href=\"http:\/\/www.arquimaster.com.ar\/galeria\/obra34.htm\" target=_blank>Casa de Meditaci\u00f3n<\/A>&#8216; <A href=\"http:\/\/web.immcarrara.com\/Engine\/show.asp?Big=..\/Photos\/Maa2008\/Big\/&amp;Small=..\/Photos\/Maa2008\/\" target=_blank>&gt;&gt;&gt;<\/A> \/ Buenos Aires &gt; Feria PuroDise\u00f1o hasta el 13 de abril en La Rural <A href=\"http:\/\/www.feriapurodiseno.com.ar\/\" target=_blank>&gt;&gt;&gt;<\/A> \/ Barcelona &gt; Exhibici\u00f3n &#8216;S(E)OUL SCAPE. Towards a New Urbanity in Korea&#8217; en la Galer\u00eda RAS del 10 de abril al 3 de mayo <A href=\"http:\/\/www.rasbcn.com\/\" target=_blank>&gt;&gt;&gt;<\/A><\/div>\n","protected":false},"excerpt":{"rendered":"<p>World Marble Awards 2008 &gt; La Sociedad organizadora Internazionale Marmi e Macchine (IMM), otorg\u00f3 a Carlos y Gerard Pascal, de Pascal Arquitectos, el primer premio correspondiente a la Secci\u00f3n 1, Revestimientos externos, por el proyecto &#8216;Casa de Meditaci\u00f3n&#8216; &gt;&gt;&gt; \/ Buenos Aires &gt; Feria PuroDise\u00f1o hasta el 13 de abril en La Rural &gt;&gt;&gt; \/ [&hellip;]<\/p>\n","protected":false},"author":1,"featured_media":7886,"comment_status":"open","ping_status":"open","sticky":false,"template":"","format":"standard","meta":{"footnotes":""},"categories":[4],"tags":[],"class_list":{"0":"post-7885","1":"post","2":"type-post","3":"status-publish","4":"format-standard","5":"has-post-thumbnail","7":"category-es"},"amp_enabled":true,"_links":{"self":[{"href":"https:\/\/www.professionearchitetto.it\/news\/es\/wp-json\/wp\/v2\/posts\/7885","targetHints":{"allow":["GET"]}}],"collection":[{"href":"https:\/\/www.professionearchitetto.it\/news\/es\/wp-json\/wp\/v2\/posts"}],"about":[{"href":"https:\/\/www.professionearchitetto.it\/news\/es\/wp-json\/wp\/v2\/types\/post"}],"author":[{"embeddable":true,"href":"https:\/\/www.professionearchitetto.it\/news\/es\/wp-json\/wp\/v2\/users\/1"}],"replies":[{"embeddable":true,"href":"https:\/\/www.professionearchitetto.it\/news\/es\/wp-json\/wp\/v2\/comments?post=7885"}],"version-history":[{"count":0,"href":"https:\/\/www.professionearchitetto.it\/news\/es\/wp-json\/wp\/v2\/posts\/7885\/revisions"}],"wp:featuredmedia":[{"embeddable":true,"href":"https:\/\/www.professionearchitetto.it\/news\/es\/wp-json\/wp\/v2\/media\/7886"}],"wp:attachment":[{"href":"https:\/\/www.professionearchitetto.it\/news\/es\/wp-json\/wp\/v2\/media?parent=7885"}],"wp:term":[{"taxonomy":"category","embeddable":true,"href":"https:\/\/www.professionearchitetto.it\/news\/es\/wp-json\/wp\/v2\/categories?post=7885"},{"taxonomy":"post_tag","embeddable":true,"href":"https:\/\/www.professionearchitetto.it\/news\/es\/wp-json\/wp\/v2\/tags?post=7885"}],"curies":[{"name":"wp","href":"https:\/\/api.w.org\/{rel}","templated":true}]}}