{"id":8323,"date":"2007-11-23T04:30:44","date_gmt":"2007-11-23T03:30:44","guid":{"rendered":"http:\/\/w2.noticiasarquitectura.info\/exhibicion-richard-rogers-en-el-centre-pompidou-2\/"},"modified":"2007-11-23T04:30:44","modified_gmt":"2007-11-23T03:30:44","slug":"exhibicion-richard-rogers-en-el-centre-pompidou-2","status":"publish","type":"post","link":"https:\/\/www.professionearchitetto.it\/news\/es\/exhibicion-richard-rogers-en-el-centre-pompidou-2\/","title":{"rendered":"Exhibici\u00f3n: Richard Rogers en el Centre Pompidou"},"content":{"rendered":"<div class=\"testo_es\">Exhibici\u00f3n: <A href=\"http:\/\/www.richardrogers.co.uk\/\" target=_blank>Richard Rogers<\/A> y una gran retrospectiva de su obra, hasta el 3 de marzo de 2008, en el <A href=\"http:\/\/www.centrepompidou.fr\/\" target=_blank>Centre Pompidou<\/A> de Par\u00eds [<A href=\"http:\/\/www.wallpaper.com\/architecture\/richard-rogers-exhibition-paris\/1919\" target=_blank>Wallpaper*<\/A>]<BR>Galer\u00eda de im\u00e1genes <A href=\"http:\/\/www.wallpaper.com\/newgallery\/17050184\/1\" target=_blank>&gt;&gt;&gt;<\/A><\/div>\n","protected":false},"excerpt":{"rendered":"<p>Exhibici\u00f3n: Richard Rogers y una gran retrospectiva de su obra, hasta el 3 de marzo de 2008, en el Centre Pompidou de Par\u00eds [Wallpaper*]Galer\u00eda de im\u00e1genes &gt;&gt;&gt;<\/p>\n","protected":false},"author":1,"featured_media":8324,"comment_status":"open","ping_status":"open","sticky":false,"template":"","format":"standard","meta":{"footnotes":""},"categories":[4],"tags":[],"class_list":{"0":"post-8323","1":"post","2":"type-post","3":"status-publish","4":"format-standard","5":"has-post-thumbnail","7":"category-es"},"amp_enabled":true,"_links":{"self":[{"href":"https:\/\/www.professionearchitetto.it\/news\/es\/wp-json\/wp\/v2\/posts\/8323","targetHints":{"allow":["GET"]}}],"collection":[{"href":"https:\/\/www.professionearchitetto.it\/news\/es\/wp-json\/wp\/v2\/posts"}],"about":[{"href":"https:\/\/www.professionearchitetto.it\/news\/es\/wp-json\/wp\/v2\/types\/post"}],"author":[{"embeddable":true,"href":"https:\/\/www.professionearchitetto.it\/news\/es\/wp-json\/wp\/v2\/users\/1"}],"replies":[{"embeddable":true,"href":"https:\/\/www.professionearchitetto.it\/news\/es\/wp-json\/wp\/v2\/comments?post=8323"}],"version-history":[{"count":0,"href":"https:\/\/www.professionearchitetto.it\/news\/es\/wp-json\/wp\/v2\/posts\/8323\/revisions"}],"wp:featuredmedia":[{"embeddable":true,"href":"https:\/\/www.professionearchitetto.it\/news\/es\/wp-json\/wp\/v2\/media\/8324"}],"wp:attachment":[{"href":"https:\/\/www.professionearchitetto.it\/news\/es\/wp-json\/wp\/v2\/media?parent=8323"}],"wp:term":[{"taxonomy":"category","embeddable":true,"href":"https:\/\/www.professionearchitetto.it\/news\/es\/wp-json\/wp\/v2\/categories?post=8323"},{"taxonomy":"post_tag","embeddable":true,"href":"https:\/\/www.professionearchitetto.it\/news\/es\/wp-json\/wp\/v2\/tags?post=8323"}],"curies":[{"name":"wp","href":"https:\/\/api.w.org\/{rel}","templated":true}]}}