{"id":8531,"date":"2007-09-16T04:30:27","date_gmt":"2007-09-16T03:30:27","guid":{"rendered":"http:\/\/w2.noticiasarquitectura.info\/casa-bianna-girona-espana-hidalgo-hartmann\/"},"modified":"2007-09-16T04:30:27","modified_gmt":"2007-09-16T03:30:27","slug":"casa-bianna-girona-espana-hidalgo-hartmann","status":"publish","type":"post","link":"https:\/\/www.professionearchitetto.it\/news\/es\/casa-bianna-girona-espana-hidalgo-hartmann\/","title":{"rendered":"Casa Bianna, Girona &#8211; Espa\u00f1a, Hidalgo Hartmann"},"content":{"rendered":"<div class=\"testo_es\">La Casa Bianna, en Girona &#8211; Espa\u00f1a, obra del estudio Hidalgo Hartmann, est\u00e1 &#8216;situada en un valle de car\u00e1cter agr\u00edcola rodeado de monta\u00f1as, la casa se somete al protagonismo de su entorno natural con respeto, integr\u00e1ndose en sus tierras y abri\u00e9ndose a las vistas con aperturas precisas que enmarcan el paisaje. La casa se compone de dos vol\u00famenes de hormig\u00f3n que se insertan en el territorio fundi\u00e9ndose en \u00e9l&#8217;&#8230;&#8230; <A href=\"https:\/\/noticiasarquitectura.info\/especiales\/casa-bianna.htm\" target=_top>&gt;&gt;&gt;<\/A> <\/div>\n","protected":false},"excerpt":{"rendered":"<p>La Casa Bianna, en Girona &#8211; Espa\u00f1a, obra del estudio Hidalgo Hartmann, est\u00e1 &#8216;situada en un valle de car\u00e1cter agr\u00edcola rodeado de monta\u00f1as, la casa se somete al protagonismo de su entorno natural con respeto, integr\u00e1ndose en sus tierras y abri\u00e9ndose a las vistas con aperturas precisas que enmarcan el paisaje. La casa se compone [&hellip;]<\/p>\n","protected":false},"author":1,"featured_media":8532,"comment_status":"open","ping_status":"open","sticky":false,"template":"","format":"standard","meta":{"footnotes":""},"categories":[4],"tags":[],"class_list":{"0":"post-8531","1":"post","2":"type-post","3":"status-publish","4":"format-standard","5":"has-post-thumbnail","7":"category-es"},"amp_enabled":true,"_links":{"self":[{"href":"https:\/\/www.professionearchitetto.it\/news\/es\/wp-json\/wp\/v2\/posts\/8531","targetHints":{"allow":["GET"]}}],"collection":[{"href":"https:\/\/www.professionearchitetto.it\/news\/es\/wp-json\/wp\/v2\/posts"}],"about":[{"href":"https:\/\/www.professionearchitetto.it\/news\/es\/wp-json\/wp\/v2\/types\/post"}],"author":[{"embeddable":true,"href":"https:\/\/www.professionearchitetto.it\/news\/es\/wp-json\/wp\/v2\/users\/1"}],"replies":[{"embeddable":true,"href":"https:\/\/www.professionearchitetto.it\/news\/es\/wp-json\/wp\/v2\/comments?post=8531"}],"version-history":[{"count":0,"href":"https:\/\/www.professionearchitetto.it\/news\/es\/wp-json\/wp\/v2\/posts\/8531\/revisions"}],"wp:featuredmedia":[{"embeddable":true,"href":"https:\/\/www.professionearchitetto.it\/news\/es\/wp-json\/wp\/v2\/media\/8532"}],"wp:attachment":[{"href":"https:\/\/www.professionearchitetto.it\/news\/es\/wp-json\/wp\/v2\/media?parent=8531"}],"wp:term":[{"taxonomy":"category","embeddable":true,"href":"https:\/\/www.professionearchitetto.it\/news\/es\/wp-json\/wp\/v2\/categories?post=8531"},{"taxonomy":"post_tag","embeddable":true,"href":"https:\/\/www.professionearchitetto.it\/news\/es\/wp-json\/wp\/v2\/tags?post=8531"}],"curies":[{"name":"wp","href":"https:\/\/api.w.org\/{rel}","templated":true}]}}