{"id":8585,"date":"2007-08-27T04:32:22","date_gmt":"2007-08-27T03:32:22","guid":{"rendered":"http:\/\/w2.noticiasarquitectura.info\/serpentine-gallery-pavilion-2007-mas-imagenes\/"},"modified":"2007-08-27T04:32:22","modified_gmt":"2007-08-27T03:32:22","slug":"serpentine-gallery-pavilion-2007-mas-imagenes","status":"publish","type":"post","link":"https:\/\/www.professionearchitetto.it\/news\/es\/serpentine-gallery-pavilion-2007-mas-imagenes\/","title":{"rendered":"Serpentine Gallery Pavilion 2007 &#8230; m\u00e1s im\u00e1genes"},"content":{"rendered":"<div class=\"testo_es\">M\u00e1s im\u00e1genes del <A href=\"http:\/\/www.serpentinegallery.org\/2007\/01\/serpentine_gallery_pavilion_20_7.html\" target=_blank>Serpentine Gallery Pavilion 2007<\/A>, en Londres, dise\u00f1ado por <A href=\"http:\/\/www.olafureliasson.net\/\" target=_blank>Olafur Eliasson<\/A> y <A href=\"http:\/\/www.snoarc.no\/\" target=_blank>Kjetil Thorsen (Sn\u00f8hetta)<\/A>, esta vez en &gt; <A href=\"http:\/\/www.flickr.com\/search\/?q=serpentine+gallery+pavilion+2007&amp;s=rec\" target=_blank>Flickr<\/A><\/div>\n","protected":false},"excerpt":{"rendered":"<p>M\u00e1s im\u00e1genes del Serpentine Gallery Pavilion 2007, en Londres, dise\u00f1ado por Olafur Eliasson y Kjetil Thorsen (Sn\u00f8hetta), esta vez en &gt; Flickr<\/p>\n","protected":false},"author":1,"featured_media":8586,"comment_status":"open","ping_status":"open","sticky":false,"template":"","format":"standard","meta":{"footnotes":""},"categories":[4],"tags":[],"class_list":{"0":"post-8585","1":"post","2":"type-post","3":"status-publish","4":"format-standard","5":"has-post-thumbnail","7":"category-es"},"amp_enabled":true,"_links":{"self":[{"href":"https:\/\/www.professionearchitetto.it\/news\/es\/wp-json\/wp\/v2\/posts\/8585","targetHints":{"allow":["GET"]}}],"collection":[{"href":"https:\/\/www.professionearchitetto.it\/news\/es\/wp-json\/wp\/v2\/posts"}],"about":[{"href":"https:\/\/www.professionearchitetto.it\/news\/es\/wp-json\/wp\/v2\/types\/post"}],"author":[{"embeddable":true,"href":"https:\/\/www.professionearchitetto.it\/news\/es\/wp-json\/wp\/v2\/users\/1"}],"replies":[{"embeddable":true,"href":"https:\/\/www.professionearchitetto.it\/news\/es\/wp-json\/wp\/v2\/comments?post=8585"}],"version-history":[{"count":0,"href":"https:\/\/www.professionearchitetto.it\/news\/es\/wp-json\/wp\/v2\/posts\/8585\/revisions"}],"wp:featuredmedia":[{"embeddable":true,"href":"https:\/\/www.professionearchitetto.it\/news\/es\/wp-json\/wp\/v2\/media\/8586"}],"wp:attachment":[{"href":"https:\/\/www.professionearchitetto.it\/news\/es\/wp-json\/wp\/v2\/media?parent=8585"}],"wp:term":[{"taxonomy":"category","embeddable":true,"href":"https:\/\/www.professionearchitetto.it\/news\/es\/wp-json\/wp\/v2\/categories?post=8585"},{"taxonomy":"post_tag","embeddable":true,"href":"https:\/\/www.professionearchitetto.it\/news\/es\/wp-json\/wp\/v2\/tags?post=8585"}],"curies":[{"name":"wp","href":"https:\/\/api.w.org\/{rel}","templated":true}]}}