{"id":8599,"date":"2007-08-22T05:39:22","date_gmt":"2007-08-22T04:39:22","guid":{"rendered":"http:\/\/w2.noticiasarquitectura.info\/chile-hotel-remota-german-del-sol-arquitecto\/"},"modified":"2007-08-22T05:39:22","modified_gmt":"2007-08-22T04:39:22","slug":"chile-hotel-remota-german-del-sol-arquitecto","status":"publish","type":"post","link":"https:\/\/www.professionearchitetto.it\/news\/es\/chile-hotel-remota-german-del-sol-arquitecto\/","title":{"rendered":"Chile: Hotel Remota, Germ\u00e1n del Sol Arquitecto"},"content":{"rendered":"<div class=\"testo_es\">Chile &gt; <A href=\"http:\/\/www.remota.cl\/index.htm\" target=_blank>Hotel Remota<\/A>, obra del arquitecto chileno <A href=\"http:\/\/www.germandelsol.cl\/\" target=_blank>Germ\u00e1n del Sol<\/A> [<A href=\"http:\/\/www.arqa.com\/informacion.cfm\/n.7903.cfm\" target=_blank>arqa.com<\/A>] <BR>M\u00e1s im\u00e1genes &gt; <A href=\"http:\/\/www.germandelsol.cl\/memremota.htm\" target=_blank>germandelsol.cl<\/A><\/div>\n","protected":false},"excerpt":{"rendered":"<p>Chile &gt; Hotel Remota, obra del arquitecto chileno Germ\u00e1n del Sol [arqa.com] M\u00e1s im\u00e1genes &gt; germandelsol.cl<\/p>\n","protected":false},"author":1,"featured_media":8600,"comment_status":"open","ping_status":"open","sticky":false,"template":"","format":"standard","meta":{"footnotes":""},"categories":[4],"tags":[],"class_list":{"0":"post-8599","1":"post","2":"type-post","3":"status-publish","4":"format-standard","5":"has-post-thumbnail","7":"category-es"},"amp_enabled":true,"_links":{"self":[{"href":"https:\/\/www.professionearchitetto.it\/news\/es\/wp-json\/wp\/v2\/posts\/8599","targetHints":{"allow":["GET"]}}],"collection":[{"href":"https:\/\/www.professionearchitetto.it\/news\/es\/wp-json\/wp\/v2\/posts"}],"about":[{"href":"https:\/\/www.professionearchitetto.it\/news\/es\/wp-json\/wp\/v2\/types\/post"}],"author":[{"embeddable":true,"href":"https:\/\/www.professionearchitetto.it\/news\/es\/wp-json\/wp\/v2\/users\/1"}],"replies":[{"embeddable":true,"href":"https:\/\/www.professionearchitetto.it\/news\/es\/wp-json\/wp\/v2\/comments?post=8599"}],"version-history":[{"count":0,"href":"https:\/\/www.professionearchitetto.it\/news\/es\/wp-json\/wp\/v2\/posts\/8599\/revisions"}],"wp:featuredmedia":[{"embeddable":true,"href":"https:\/\/www.professionearchitetto.it\/news\/es\/wp-json\/wp\/v2\/media\/8600"}],"wp:attachment":[{"href":"https:\/\/www.professionearchitetto.it\/news\/es\/wp-json\/wp\/v2\/media?parent=8599"}],"wp:term":[{"taxonomy":"category","embeddable":true,"href":"https:\/\/www.professionearchitetto.it\/news\/es\/wp-json\/wp\/v2\/categories?post=8599"},{"taxonomy":"post_tag","embeddable":true,"href":"https:\/\/www.professionearchitetto.it\/news\/es\/wp-json\/wp\/v2\/tags?post=8599"}],"curies":[{"name":"wp","href":"https:\/\/api.w.org\/{rel}","templated":true}]}}