{"id":8889,"date":"2007-06-07T04:37:45","date_gmt":"2007-06-07T03:37:45","guid":{"rendered":"http:\/\/w2.noticiasarquitectura.info\/madrid-exhibicion-le-corbusier-en-el-reina-sofia\/"},"modified":"2007-06-07T04:37:45","modified_gmt":"2007-06-07T03:37:45","slug":"madrid-exhibicion-le-corbusier-en-el-reina-sofia","status":"publish","type":"post","link":"https:\/\/www.professionearchitetto.it\/news\/es\/madrid-exhibicion-le-corbusier-en-el-reina-sofia\/","title":{"rendered":"Madrid > Exhibici\u00f3n: Le Corbusier en el Reina Sof\u00eda"},"content":{"rendered":"<div class=\"testo_es\">Madrid &gt; El <A href=\"http:\/\/www.museoreinasofia.es\/\" target=_blank>museo Reina Sof\u00eda<\/A> no destaca la faceta arquitect\u00f3nica de <A href=\"https:\/\/noticiasarquitectura.info\/especiales\/le_corbusier.htm\" target=_top>Le Corbusier<\/A> en esta <A href=\"http:\/\/www.museoreinasofia.es\/s-exposiciones\/exposicion.php?idexposicion=243\" target=_blank>exposici\u00f3n<\/A>, sino su lado pl\u00e1stico y escult\u00f3rico, de una calidad tan alta como la de su arquitectura. El esp\u00edritu de las formas anima sus cuadros de la misma forma que su arquitectura&#8230; [<A href=\"http:\/\/www.elmundo.es\/elmundo\/2007\/06\/05\/cultura\/1181058644.html\" target=_blank>elmundo.es<\/A>] <BR>Im\u00e1genes &gt; <A href=\"http:\/\/www.elpais.com\/fotogaleria\/Le\/Corbusier\/Reina\/Sofia\/3970-1\/elpgal\/\" target=_blank>ELPAIS.com<\/A><\/div>\n","protected":false},"excerpt":{"rendered":"<p>Madrid &gt; El museo Reina Sof\u00eda no destaca la faceta arquitect\u00f3nica de Le Corbusier en esta exposici\u00f3n, sino su lado pl\u00e1stico y escult\u00f3rico, de una calidad tan alta como la de su arquitectura. El esp\u00edritu de las formas anima sus cuadros de la misma forma que su arquitectura&#8230; [elmundo.es] Im\u00e1genes &gt; ELPAIS.com<\/p>\n","protected":false},"author":1,"featured_media":8890,"comment_status":"open","ping_status":"open","sticky":false,"template":"","format":"standard","meta":{"footnotes":""},"categories":[4],"tags":[],"class_list":{"0":"post-8889","1":"post","2":"type-post","3":"status-publish","4":"format-standard","5":"has-post-thumbnail","7":"category-es"},"amp_enabled":true,"_links":{"self":[{"href":"https:\/\/www.professionearchitetto.it\/news\/es\/wp-json\/wp\/v2\/posts\/8889","targetHints":{"allow":["GET"]}}],"collection":[{"href":"https:\/\/www.professionearchitetto.it\/news\/es\/wp-json\/wp\/v2\/posts"}],"about":[{"href":"https:\/\/www.professionearchitetto.it\/news\/es\/wp-json\/wp\/v2\/types\/post"}],"author":[{"embeddable":true,"href":"https:\/\/www.professionearchitetto.it\/news\/es\/wp-json\/wp\/v2\/users\/1"}],"replies":[{"embeddable":true,"href":"https:\/\/www.professionearchitetto.it\/news\/es\/wp-json\/wp\/v2\/comments?post=8889"}],"version-history":[{"count":0,"href":"https:\/\/www.professionearchitetto.it\/news\/es\/wp-json\/wp\/v2\/posts\/8889\/revisions"}],"wp:featuredmedia":[{"embeddable":true,"href":"https:\/\/www.professionearchitetto.it\/news\/es\/wp-json\/wp\/v2\/media\/8890"}],"wp:attachment":[{"href":"https:\/\/www.professionearchitetto.it\/news\/es\/wp-json\/wp\/v2\/media?parent=8889"}],"wp:term":[{"taxonomy":"category","embeddable":true,"href":"https:\/\/www.professionearchitetto.it\/news\/es\/wp-json\/wp\/v2\/categories?post=8889"},{"taxonomy":"post_tag","embeddable":true,"href":"https:\/\/www.professionearchitetto.it\/news\/es\/wp-json\/wp\/v2\/tags?post=8889"}],"curies":[{"name":"wp","href":"https:\/\/api.w.org\/{rel}","templated":true}]}}