{"id":8923,"date":"2007-05-29T06:26:47","date_gmt":"2007-05-29T05:26:47","guid":{"rendered":"http:\/\/w2.noticiasarquitectura.info\/dubai-villa-moda-por-jaime-hayon\/"},"modified":"2007-05-29T06:26:47","modified_gmt":"2007-05-29T05:26:47","slug":"dubai-villa-moda-por-jaime-hayon","status":"publish","type":"post","link":"https:\/\/www.professionearchitetto.it\/news\/es\/dubai-villa-moda-por-jaime-hayon\/","title":{"rendered":"Dubai: Villa Moda por Jaime Hayon"},"content":{"rendered":"<div class=\"testo_es\">Se present\u00f3 el dise\u00f1o para el nuevo local de <A href=\"http:\/\/www.villa-moda.com\/\" target=_blank>Villa Moda<\/A> (tienda Kuwait\u00ed) en Dubai, proyectado por el dise\u00f1ador espa\u00f1ol <A href=\"http:\/\/www.hayonstudio.com\/\" target=_blank>Jaime Hayon<\/A> [<A href=\"http:\/\/www.dezeen.com\/2007\/05\/27\/jaime-hayon-for-villa-moda-in-dubai\/\" target=_blank>dezeen<\/A>] <BR>fuente &gt; <A href=\"http:\/\/www.dezain.net\/en\/thread\/4929\/\" target=_blank>dezain.net<\/A><\/div>\n","protected":false},"excerpt":{"rendered":"<p>Se present\u00f3 el dise\u00f1o para el nuevo local de Villa Moda (tienda Kuwait\u00ed) en Dubai, proyectado por el dise\u00f1ador espa\u00f1ol Jaime Hayon [dezeen] fuente &gt; dezain.net<\/p>\n","protected":false},"author":1,"featured_media":8924,"comment_status":"open","ping_status":"open","sticky":false,"template":"","format":"standard","meta":{"footnotes":""},"categories":[4],"tags":[],"class_list":{"0":"post-8923","1":"post","2":"type-post","3":"status-publish","4":"format-standard","5":"has-post-thumbnail","7":"category-es"},"amp_enabled":true,"_links":{"self":[{"href":"https:\/\/www.professionearchitetto.it\/news\/es\/wp-json\/wp\/v2\/posts\/8923","targetHints":{"allow":["GET"]}}],"collection":[{"href":"https:\/\/www.professionearchitetto.it\/news\/es\/wp-json\/wp\/v2\/posts"}],"about":[{"href":"https:\/\/www.professionearchitetto.it\/news\/es\/wp-json\/wp\/v2\/types\/post"}],"author":[{"embeddable":true,"href":"https:\/\/www.professionearchitetto.it\/news\/es\/wp-json\/wp\/v2\/users\/1"}],"replies":[{"embeddable":true,"href":"https:\/\/www.professionearchitetto.it\/news\/es\/wp-json\/wp\/v2\/comments?post=8923"}],"version-history":[{"count":0,"href":"https:\/\/www.professionearchitetto.it\/news\/es\/wp-json\/wp\/v2\/posts\/8923\/revisions"}],"wp:featuredmedia":[{"embeddable":true,"href":"https:\/\/www.professionearchitetto.it\/news\/es\/wp-json\/wp\/v2\/media\/8924"}],"wp:attachment":[{"href":"https:\/\/www.professionearchitetto.it\/news\/es\/wp-json\/wp\/v2\/media?parent=8923"}],"wp:term":[{"taxonomy":"category","embeddable":true,"href":"https:\/\/www.professionearchitetto.it\/news\/es\/wp-json\/wp\/v2\/categories?post=8923"},{"taxonomy":"post_tag","embeddable":true,"href":"https:\/\/www.professionearchitetto.it\/news\/es\/wp-json\/wp\/v2\/tags?post=8923"}],"curies":[{"name":"wp","href":"https:\/\/api.w.org\/{rel}","templated":true}]}}