{"id":9009,"date":"2007-05-09T06:18:22","date_gmt":"2007-05-09T05:18:22","guid":{"rendered":"http:\/\/w2.noticiasarquitectura.info\/brasil-centro-cultural-oscar-niemeyer\/"},"modified":"2007-05-09T06:18:22","modified_gmt":"2007-05-09T05:18:22","slug":"brasil-centro-cultural-oscar-niemeyer","status":"publish","type":"post","link":"https:\/\/www.professionearchitetto.it\/news\/es\/brasil-centro-cultural-oscar-niemeyer\/","title":{"rendered":"Brasil: Centro Cultural Oscar Niemeyer"},"content":{"rendered":"<div class=\"testo_es\">Centro Cultural Oscar Niemeyer, situado en <A href=\"http:\/\/es.wikipedia.org\/wiki\/Goi\u00e2nia\" target=_blank>Goi\u00e2nia<\/A>, es un amplio conjunto volcado al arte. El complejo de 17 mil m2 lleva el nombre del <A href=\"http:\/\/www.niemeyer.org.br\/\" target=_blank>arquitecto<\/A> que nunca hab\u00eda proyectado una obra en esta ciudad. El dise\u00f1o es simple, cuatro vol\u00famenes con formas y usos distintos sobre una explanada rectangular&#8230; [<A href=\"http:\/\/www.arcoweb.com.br\/arquitetura\/arquitetura763.asp\" target=_blank>ARCOweb<\/A>]<\/div>\n","protected":false},"excerpt":{"rendered":"<p>Centro Cultural Oscar Niemeyer, situado en Goi\u00e2nia, es un amplio conjunto volcado al arte. El complejo de 17 mil m2 lleva el nombre del arquitecto que nunca hab\u00eda proyectado una obra en esta ciudad. El dise\u00f1o es simple, cuatro vol\u00famenes con formas y usos distintos sobre una explanada rectangular&#8230; [ARCOweb]<\/p>\n","protected":false},"author":1,"featured_media":9010,"comment_status":"open","ping_status":"open","sticky":false,"template":"","format":"standard","meta":{"footnotes":""},"categories":[4],"tags":[],"class_list":{"0":"post-9009","1":"post","2":"type-post","3":"status-publish","4":"format-standard","5":"has-post-thumbnail","7":"category-es"},"amp_enabled":true,"_links":{"self":[{"href":"https:\/\/www.professionearchitetto.it\/news\/es\/wp-json\/wp\/v2\/posts\/9009","targetHints":{"allow":["GET"]}}],"collection":[{"href":"https:\/\/www.professionearchitetto.it\/news\/es\/wp-json\/wp\/v2\/posts"}],"about":[{"href":"https:\/\/www.professionearchitetto.it\/news\/es\/wp-json\/wp\/v2\/types\/post"}],"author":[{"embeddable":true,"href":"https:\/\/www.professionearchitetto.it\/news\/es\/wp-json\/wp\/v2\/users\/1"}],"replies":[{"embeddable":true,"href":"https:\/\/www.professionearchitetto.it\/news\/es\/wp-json\/wp\/v2\/comments?post=9009"}],"version-history":[{"count":0,"href":"https:\/\/www.professionearchitetto.it\/news\/es\/wp-json\/wp\/v2\/posts\/9009\/revisions"}],"wp:featuredmedia":[{"embeddable":true,"href":"https:\/\/www.professionearchitetto.it\/news\/es\/wp-json\/wp\/v2\/media\/9010"}],"wp:attachment":[{"href":"https:\/\/www.professionearchitetto.it\/news\/es\/wp-json\/wp\/v2\/media?parent=9009"}],"wp:term":[{"taxonomy":"category","embeddable":true,"href":"https:\/\/www.professionearchitetto.it\/news\/es\/wp-json\/wp\/v2\/categories?post=9009"},{"taxonomy":"post_tag","embeddable":true,"href":"https:\/\/www.professionearchitetto.it\/news\/es\/wp-json\/wp\/v2\/tags?post=9009"}],"curies":[{"name":"wp","href":"https:\/\/api.w.org\/{rel}","templated":true}]}}