{"id":9177,"date":"2007-03-29T14:03:33","date_gmt":"2007-03-29T13:03:33","guid":{"rendered":"http:\/\/w2.noticiasarquitectura.info\/diseno-argentino-en-japon\/"},"modified":"2007-03-29T14:03:33","modified_gmt":"2007-03-29T13:03:33","slug":"diseno-argentino-en-japon","status":"publish","type":"post","link":"https:\/\/www.professionearchitetto.it\/news\/es\/diseno-argentino-en-japon\/","title":{"rendered":"Dise\u00f1o argentino en Jap\u00f3n"},"content":{"rendered":"<div class=\"testo_es\"><A href=\"http:\/\/www.argdis.com.ar\/\" target=_blank>ARGdis<\/A> \u00abARGentina dise\u00f1a\u00bb, es la muestra de dise\u00f1o que bajo el t\u00edtulo \u201cPasi\u00f3n del fin del mundo\u201d se llevar\u00e1 a cabo en Jap\u00f3n entre el 16 y el 20 de abril en el Centro de Promoci\u00f3n de Exportaciones de ese pa\u00eds, <A href=\"http:\/\/www.jetro.go.jp\/\" target=_blank>Jetro Center<\/A>, para luego continuar su itinerario por las ciudades de Yokohama, Kobe y el Municipio de Meguro&#8230;.[<A href=\"http:\/\/actualidad.terra.es\/articulo\/argentina_japon_arg_dis_pasion_1479333.htm\" target=_blank>terra<\/A> \/ <A href=\"http:\/\/mocoloco.com\/archives\/003955.php\" target=_blank>MoCo Loco<\/A>]<\/div>\n","protected":false},"excerpt":{"rendered":"<p>ARGdis \u00abARGentina dise\u00f1a\u00bb, es la muestra de dise\u00f1o que bajo el t\u00edtulo \u201cPasi\u00f3n del fin del mundo\u201d se llevar\u00e1 a cabo en Jap\u00f3n entre el 16 y el 20 de abril en el Centro de Promoci\u00f3n de Exportaciones de ese pa\u00eds, Jetro Center, para luego continuar su itinerario por las ciudades de Yokohama, Kobe y [&hellip;]<\/p>\n","protected":false},"author":1,"featured_media":9178,"comment_status":"open","ping_status":"open","sticky":false,"template":"","format":"standard","meta":{"footnotes":""},"categories":[4],"tags":[],"class_list":{"0":"post-9177","1":"post","2":"type-post","3":"status-publish","4":"format-standard","5":"has-post-thumbnail","7":"category-es"},"amp_enabled":true,"_links":{"self":[{"href":"https:\/\/www.professionearchitetto.it\/news\/es\/wp-json\/wp\/v2\/posts\/9177","targetHints":{"allow":["GET"]}}],"collection":[{"href":"https:\/\/www.professionearchitetto.it\/news\/es\/wp-json\/wp\/v2\/posts"}],"about":[{"href":"https:\/\/www.professionearchitetto.it\/news\/es\/wp-json\/wp\/v2\/types\/post"}],"author":[{"embeddable":true,"href":"https:\/\/www.professionearchitetto.it\/news\/es\/wp-json\/wp\/v2\/users\/1"}],"replies":[{"embeddable":true,"href":"https:\/\/www.professionearchitetto.it\/news\/es\/wp-json\/wp\/v2\/comments?post=9177"}],"version-history":[{"count":0,"href":"https:\/\/www.professionearchitetto.it\/news\/es\/wp-json\/wp\/v2\/posts\/9177\/revisions"}],"wp:featuredmedia":[{"embeddable":true,"href":"https:\/\/www.professionearchitetto.it\/news\/es\/wp-json\/wp\/v2\/media\/9178"}],"wp:attachment":[{"href":"https:\/\/www.professionearchitetto.it\/news\/es\/wp-json\/wp\/v2\/media?parent=9177"}],"wp:term":[{"taxonomy":"category","embeddable":true,"href":"https:\/\/www.professionearchitetto.it\/news\/es\/wp-json\/wp\/v2\/categories?post=9177"},{"taxonomy":"post_tag","embeddable":true,"href":"https:\/\/www.professionearchitetto.it\/news\/es\/wp-json\/wp\/v2\/tags?post=9177"}],"curies":[{"name":"wp","href":"https:\/\/api.w.org\/{rel}","templated":true}]}}