{"id":9221,"date":"2007-03-19T02:08:30","date_gmt":"2007-03-19T01:08:30","guid":{"rendered":"http:\/\/w2.noticiasarquitectura.info\/rusia-casa-en-barvikha-zaha-hadid\/"},"modified":"2007-03-19T02:08:30","modified_gmt":"2007-03-19T01:08:30","slug":"rusia-casa-en-barvikha-zaha-hadid","status":"publish","type":"post","link":"https:\/\/www.professionearchitetto.it\/news\/es\/rusia-casa-en-barvikha-zaha-hadid\/","title":{"rendered":"Rusia: Casa en Barvikha, Zaha Hadid"},"content":{"rendered":"<div class=\"testo_es\">Rusia: Im\u00e1genes del proyecto dise\u00f1ado por <A href=\"http:\/\/www.zaha-hadid.com\/\" target=_blank>Zaha Hadid<\/A> para una casa en Barvikha, cerca de Mosc\u00fa, presentado en la Feria mundial del sector inmobiliario &#8211; <A href=\"http:\/\/www.mipim.com\/\" target=_blank>MIPIM<\/A> en Cannes [<A href=\"http:\/\/www.dezeen.com\/2007\/03\/18\/private-house-near-moscow-by-zaha-hadid\/\" target=_blank>dezeen<\/A>]<\/div>\n","protected":false},"excerpt":{"rendered":"<p>Rusia: Im\u00e1genes del proyecto dise\u00f1ado por Zaha Hadid para una casa en Barvikha, cerca de Mosc\u00fa, presentado en la Feria mundial del sector inmobiliario &#8211; MIPIM en Cannes [dezeen]<\/p>\n","protected":false},"author":1,"featured_media":9222,"comment_status":"open","ping_status":"open","sticky":false,"template":"","format":"standard","meta":{"footnotes":""},"categories":[4],"tags":[],"class_list":{"0":"post-9221","1":"post","2":"type-post","3":"status-publish","4":"format-standard","5":"has-post-thumbnail","7":"category-es"},"amp_enabled":true,"_links":{"self":[{"href":"https:\/\/www.professionearchitetto.it\/news\/es\/wp-json\/wp\/v2\/posts\/9221","targetHints":{"allow":["GET"]}}],"collection":[{"href":"https:\/\/www.professionearchitetto.it\/news\/es\/wp-json\/wp\/v2\/posts"}],"about":[{"href":"https:\/\/www.professionearchitetto.it\/news\/es\/wp-json\/wp\/v2\/types\/post"}],"author":[{"embeddable":true,"href":"https:\/\/www.professionearchitetto.it\/news\/es\/wp-json\/wp\/v2\/users\/1"}],"replies":[{"embeddable":true,"href":"https:\/\/www.professionearchitetto.it\/news\/es\/wp-json\/wp\/v2\/comments?post=9221"}],"version-history":[{"count":0,"href":"https:\/\/www.professionearchitetto.it\/news\/es\/wp-json\/wp\/v2\/posts\/9221\/revisions"}],"wp:featuredmedia":[{"embeddable":true,"href":"https:\/\/www.professionearchitetto.it\/news\/es\/wp-json\/wp\/v2\/media\/9222"}],"wp:attachment":[{"href":"https:\/\/www.professionearchitetto.it\/news\/es\/wp-json\/wp\/v2\/media?parent=9221"}],"wp:term":[{"taxonomy":"category","embeddable":true,"href":"https:\/\/www.professionearchitetto.it\/news\/es\/wp-json\/wp\/v2\/categories?post=9221"},{"taxonomy":"post_tag","embeddable":true,"href":"https:\/\/www.professionearchitetto.it\/news\/es\/wp-json\/wp\/v2\/tags?post=9221"}],"curies":[{"name":"wp","href":"https:\/\/api.w.org\/{rel}","templated":true}]}}