{"id":9225,"date":"2007-03-18T20:45:26","date_gmt":"2007-03-18T19:45:26","guid":{"rendered":"http:\/\/w2.noticiasarquitectura.info\/bilbao-comienza-la-construccion-de-la-torre-iberdrola-de-cesar-pelli\/"},"modified":"2007-03-18T20:45:26","modified_gmt":"2007-03-18T19:45:26","slug":"bilbao-comienza-la-construccion-de-la-torre-iberdrola-de-cesar-pelli","status":"publish","type":"post","link":"https:\/\/www.professionearchitetto.it\/news\/es\/bilbao-comienza-la-construccion-de-la-torre-iberdrola-de-cesar-pelli\/","title":{"rendered":"Bilbao: Comienza la construcci\u00f3n de la Torre Iberdrola de C\u00e9sar Pelli"},"content":{"rendered":"<div class=\"testo_es\">El lunes 19 de marzo comenzar\u00e1 a construirse el que ser\u00e1 el edificio m\u00e1s alto de <A href=\"http:\/\/www.bilbao.net\/\" target=_blank>Bilbao<\/A> y de todo el norte de Espa\u00f1a, la <A href=\"http:\/\/www.skyscrapercity.com\/showpost.php?p=1280058&amp;postcount=1\" target=_blank>Torre Iberdrola<\/A>, de 165 metros y 33 plantas, dise\u00f1ada por <A href=\"http:\/\/www.cesar-pelli.com\/\" target=_blank>C\u00e9sar Pelli<\/A> [<A href=\"http:\/\/www.elmundo.es\/elmundo\/2007\/03\/15\/suvivienda\/1173986302.html?a=5f72c6bd2f8afa8890c8503cfb143ef8&amp;t=1174165997\" target=_blank>el mundo<\/A> \/ <A href=\"http:\/\/www.elcorreodigital.com\/vizcaya\/prensa\/20070316\/portada_viz\/nuevo-techo-bilbao_20070316.html\" target=_blank>elcorreodigital<\/A>]<BR>Video de la presentaci\u00f3n del proyecto <A href=\"http:\/\/servicios.elcorreodigital.com\/proyectos-bilbao\/abandoibarra-video.html\" target=_blank>&gt;&gt;&gt;<\/A><BR>fuente &gt; <A href=\"http:\/\/moveyourmind.es\/index.php\/2007\/03\/18\/torre-iberdrola-de-cesar-pelli-en-bilbao\/\" target=_blank>move your mind<\/A><\/div>\n","protected":false},"excerpt":{"rendered":"<p>El lunes 19 de marzo comenzar\u00e1 a construirse el que ser\u00e1 el edificio m\u00e1s alto de Bilbao y de todo el norte de Espa\u00f1a, la Torre Iberdrola, de 165 metros y 33 plantas, dise\u00f1ada por C\u00e9sar Pelli [el mundo \/ elcorreodigital]Video de la presentaci\u00f3n del proyecto &gt;&gt;&gt;fuente &gt; move your mind<\/p>\n","protected":false},"author":1,"featured_media":9226,"comment_status":"open","ping_status":"open","sticky":false,"template":"","format":"standard","meta":{"footnotes":""},"categories":[4],"tags":[],"class_list":{"0":"post-9225","1":"post","2":"type-post","3":"status-publish","4":"format-standard","5":"has-post-thumbnail","7":"category-es"},"amp_enabled":true,"_links":{"self":[{"href":"https:\/\/www.professionearchitetto.it\/news\/es\/wp-json\/wp\/v2\/posts\/9225","targetHints":{"allow":["GET"]}}],"collection":[{"href":"https:\/\/www.professionearchitetto.it\/news\/es\/wp-json\/wp\/v2\/posts"}],"about":[{"href":"https:\/\/www.professionearchitetto.it\/news\/es\/wp-json\/wp\/v2\/types\/post"}],"author":[{"embeddable":true,"href":"https:\/\/www.professionearchitetto.it\/news\/es\/wp-json\/wp\/v2\/users\/1"}],"replies":[{"embeddable":true,"href":"https:\/\/www.professionearchitetto.it\/news\/es\/wp-json\/wp\/v2\/comments?post=9225"}],"version-history":[{"count":0,"href":"https:\/\/www.professionearchitetto.it\/news\/es\/wp-json\/wp\/v2\/posts\/9225\/revisions"}],"wp:featuredmedia":[{"embeddable":true,"href":"https:\/\/www.professionearchitetto.it\/news\/es\/wp-json\/wp\/v2\/media\/9226"}],"wp:attachment":[{"href":"https:\/\/www.professionearchitetto.it\/news\/es\/wp-json\/wp\/v2\/media?parent=9225"}],"wp:term":[{"taxonomy":"category","embeddable":true,"href":"https:\/\/www.professionearchitetto.it\/news\/es\/wp-json\/wp\/v2\/categories?post=9225"},{"taxonomy":"post_tag","embeddable":true,"href":"https:\/\/www.professionearchitetto.it\/news\/es\/wp-json\/wp\/v2\/tags?post=9225"}],"curies":[{"name":"wp","href":"https:\/\/api.w.org\/{rel}","templated":true}]}}