{"id":9461,"date":"2007-01-11T14:05:07","date_gmt":"2007-01-11T13:05:07","guid":{"rendered":"http:\/\/w2.noticiasarquitectura.info\/chile-casa-contador-weller-riesco-rivera\/"},"modified":"2007-01-11T14:05:07","modified_gmt":"2007-01-11T13:05:07","slug":"chile-casa-contador-weller-riesco-rivera","status":"publish","type":"post","link":"https:\/\/www.professionearchitetto.it\/news\/es\/chile-casa-contador-weller-riesco-rivera\/","title":{"rendered":"Chile: Casa Contador-Weller, Riesco + Rivera"},"content":{"rendered":"<div class=\"testo_es\"><P>Chile &gt; Casa Contador-Weller, en Punta del Gallo, Tunqu\u00e9n, dise\u00f1ado por Riesco + Rivera Arquitectos Asociados. &#8216;El encargo es el habitual programa de segunda vivienda en la playa, con un presupuesto limitado. El lugar es un paisaje desolado, al borde de la costa pac\u00edfica. El entorno est\u00e1 dominado por los colores de un agreste y seco clima de Chile Central que todav\u00eda no ha sido transformado por el hombre&#8217;&#8230;. <A href=\"https:\/\/noticiasarquitectura.info\/especiales\/casa_weller.htm\">&gt;&gt;&gt;<\/A><\/P><\/div>\n","protected":false},"excerpt":{"rendered":"<p>Chile &gt; Casa Contador-Weller, en Punta del Gallo, Tunqu\u00e9n, dise\u00f1ado por Riesco + Rivera Arquitectos Asociados. &#8216;El encargo es el habitual programa de segunda vivienda en la playa, con un presupuesto limitado. El lugar es un paisaje desolado, al borde de la costa pac\u00edfica. El entorno est\u00e1 dominado por los colores de un agreste y [&hellip;]<\/p>\n","protected":false},"author":1,"featured_media":9462,"comment_status":"open","ping_status":"open","sticky":false,"template":"","format":"standard","meta":{"footnotes":""},"categories":[4],"tags":[],"class_list":{"0":"post-9461","1":"post","2":"type-post","3":"status-publish","4":"format-standard","5":"has-post-thumbnail","7":"category-es"},"amp_enabled":true,"_links":{"self":[{"href":"https:\/\/www.professionearchitetto.it\/news\/es\/wp-json\/wp\/v2\/posts\/9461","targetHints":{"allow":["GET"]}}],"collection":[{"href":"https:\/\/www.professionearchitetto.it\/news\/es\/wp-json\/wp\/v2\/posts"}],"about":[{"href":"https:\/\/www.professionearchitetto.it\/news\/es\/wp-json\/wp\/v2\/types\/post"}],"author":[{"embeddable":true,"href":"https:\/\/www.professionearchitetto.it\/news\/es\/wp-json\/wp\/v2\/users\/1"}],"replies":[{"embeddable":true,"href":"https:\/\/www.professionearchitetto.it\/news\/es\/wp-json\/wp\/v2\/comments?post=9461"}],"version-history":[{"count":0,"href":"https:\/\/www.professionearchitetto.it\/news\/es\/wp-json\/wp\/v2\/posts\/9461\/revisions"}],"wp:featuredmedia":[{"embeddable":true,"href":"https:\/\/www.professionearchitetto.it\/news\/es\/wp-json\/wp\/v2\/media\/9462"}],"wp:attachment":[{"href":"https:\/\/www.professionearchitetto.it\/news\/es\/wp-json\/wp\/v2\/media?parent=9461"}],"wp:term":[{"taxonomy":"category","embeddable":true,"href":"https:\/\/www.professionearchitetto.it\/news\/es\/wp-json\/wp\/v2\/categories?post=9461"},{"taxonomy":"post_tag","embeddable":true,"href":"https:\/\/www.professionearchitetto.it\/news\/es\/wp-json\/wp\/v2\/tags?post=9461"}],"curies":[{"name":"wp","href":"https:\/\/api.w.org\/{rel}","templated":true}]}}