{"id":9479,"date":"2006-12-29T03:21:58","date_gmt":"2006-12-29T02:21:58","guid":{"rendered":"http:\/\/w2.noticiasarquitectura.info\/bruselas-touch-instalacion-urbana-interactiva-labau\/"},"modified":"2006-12-29T03:21:58","modified_gmt":"2006-12-29T02:21:58","slug":"bruselas-touch-instalacion-urbana-interactiva-labau","status":"publish","type":"post","link":"https:\/\/www.professionearchitetto.it\/news\/es\/bruselas-touch-instalacion-urbana-interactiva-labau\/","title":{"rendered":"Bruselas: &#8216;Touch&#8217; &#8211; instalaci\u00f3n urbana interactiva, LAb[au]"},"content":{"rendered":"<div class=\"testo_es\">&#8216;<A href=\"http:\/\/www.dexia-tower.com\/\" target=_blank>Touch<\/A>&#8216;, es una instalaci\u00f3n urbana interactiva, dise\u00f1ada por <A href=\"http:\/\/lab-au.com\/\" target=_blank>LAB[au]<\/A>. La obra se est\u00e1 desarrollando hasta el 15 de enero de 2007 en Bruselas. La Torre Dexia, de 145 m de altura es el edificio elegido, cada una de las 4.200 ventanas pueden ser iluminadas en diferentes colores por medio de RGB-<A href=\"http:\/\/es.wikipedia.org\/wiki\/Diodo_LED\" target=_blank>leds<\/A>, transformando la fachada en un inmensa pantalla &gt; <A href=\"http:\/\/www.dexia-tower.com\/\" target=_blank>dexia-tower.com<\/A><\/div>\n","protected":false},"excerpt":{"rendered":"<p>&#8216;Touch&#8216;, es una instalaci\u00f3n urbana interactiva, dise\u00f1ada por LAB[au]. La obra se est\u00e1 desarrollando hasta el 15 de enero de 2007 en Bruselas. La Torre Dexia, de 145 m de altura es el edificio elegido, cada una de las 4.200 ventanas pueden ser iluminadas en diferentes colores por medio de RGB-leds, transformando la fachada en [&hellip;]<\/p>\n","protected":false},"author":1,"featured_media":9480,"comment_status":"open","ping_status":"open","sticky":false,"template":"","format":"standard","meta":{"footnotes":""},"categories":[4],"tags":[],"class_list":{"0":"post-9479","1":"post","2":"type-post","3":"status-publish","4":"format-standard","5":"has-post-thumbnail","7":"category-es"},"amp_enabled":true,"_links":{"self":[{"href":"https:\/\/www.professionearchitetto.it\/news\/es\/wp-json\/wp\/v2\/posts\/9479","targetHints":{"allow":["GET"]}}],"collection":[{"href":"https:\/\/www.professionearchitetto.it\/news\/es\/wp-json\/wp\/v2\/posts"}],"about":[{"href":"https:\/\/www.professionearchitetto.it\/news\/es\/wp-json\/wp\/v2\/types\/post"}],"author":[{"embeddable":true,"href":"https:\/\/www.professionearchitetto.it\/news\/es\/wp-json\/wp\/v2\/users\/1"}],"replies":[{"embeddable":true,"href":"https:\/\/www.professionearchitetto.it\/news\/es\/wp-json\/wp\/v2\/comments?post=9479"}],"version-history":[{"count":0,"href":"https:\/\/www.professionearchitetto.it\/news\/es\/wp-json\/wp\/v2\/posts\/9479\/revisions"}],"wp:featuredmedia":[{"embeddable":true,"href":"https:\/\/www.professionearchitetto.it\/news\/es\/wp-json\/wp\/v2\/media\/9480"}],"wp:attachment":[{"href":"https:\/\/www.professionearchitetto.it\/news\/es\/wp-json\/wp\/v2\/media?parent=9479"}],"wp:term":[{"taxonomy":"category","embeddable":true,"href":"https:\/\/www.professionearchitetto.it\/news\/es\/wp-json\/wp\/v2\/categories?post=9479"},{"taxonomy":"post_tag","embeddable":true,"href":"https:\/\/www.professionearchitetto.it\/news\/es\/wp-json\/wp\/v2\/tags?post=9479"}],"curies":[{"name":"wp","href":"https:\/\/api.w.org\/{rel}","templated":true}]}}