{"id":9509,"date":"2006-12-17T22:39:30","date_gmt":"2006-12-17T21:39:30","guid":{"rendered":"http:\/\/w2.noticiasarquitectura.info\/99-anos-de-oscar-niemeyer\/"},"modified":"2006-12-17T22:39:30","modified_gmt":"2006-12-17T21:39:30","slug":"99-anos-de-oscar-niemeyer","status":"publish","type":"post","link":"https:\/\/www.professionearchitetto.it\/news\/es\/99-anos-de-oscar-niemeyer\/","title":{"rendered":"99 a\u00f1os de Oscar Niemeyer"},"content":{"rendered":"<div class=\"testo_es\">Con la inauguraci\u00f3n el viernes 15\/12\/06 de la Biblioteca y el <A href=\"http:\/\/www.flickr.com\/photos\/jvc\/124762056\/\" target=_blank>Museo<\/A> nacionales concluy\u00f3 el proyecto de <A href=\"http:\/\/www.niemeyer.org.br\/\" target=_blank>Oscar Niemeyer<\/A> para Brasilia, el mismo d\u00eda en que cumpli\u00f3 99 a\u00f1os de vida&#8230; [<A href=\"http:\/\/www.24horaslibre.com\/cultura\/1166219089.php\" target=_blank>24horaslibre.com<\/A> \/ <A href=\"http:\/\/www.tribunadobrasil.com.br\/?ntc=32728&amp;ned=1877\" target=_blank>tribunadobrasil.com.br<\/A>] <BR>fuente &gt; <A href=\"http:\/\/www.professionearchitetto.it\/news\/notizie\/5709.aspx\" target=_blank>professione Architetto<\/A><\/div>\n","protected":false},"excerpt":{"rendered":"<p>Con la inauguraci\u00f3n el viernes 15\/12\/06 de la Biblioteca y el Museo nacionales concluy\u00f3 el proyecto de Oscar Niemeyer para Brasilia, el mismo d\u00eda en que cumpli\u00f3 99 a\u00f1os de vida&#8230; [24horaslibre.com \/ tribunadobrasil.com.br] fuente &gt; professione Architetto<\/p>\n","protected":false},"author":1,"featured_media":9510,"comment_status":"open","ping_status":"open","sticky":false,"template":"","format":"standard","meta":{"footnotes":""},"categories":[4],"tags":[],"class_list":{"0":"post-9509","1":"post","2":"type-post","3":"status-publish","4":"format-standard","5":"has-post-thumbnail","7":"category-es"},"amp_enabled":true,"_links":{"self":[{"href":"https:\/\/www.professionearchitetto.it\/news\/es\/wp-json\/wp\/v2\/posts\/9509","targetHints":{"allow":["GET"]}}],"collection":[{"href":"https:\/\/www.professionearchitetto.it\/news\/es\/wp-json\/wp\/v2\/posts"}],"about":[{"href":"https:\/\/www.professionearchitetto.it\/news\/es\/wp-json\/wp\/v2\/types\/post"}],"author":[{"embeddable":true,"href":"https:\/\/www.professionearchitetto.it\/news\/es\/wp-json\/wp\/v2\/users\/1"}],"replies":[{"embeddable":true,"href":"https:\/\/www.professionearchitetto.it\/news\/es\/wp-json\/wp\/v2\/comments?post=9509"}],"version-history":[{"count":0,"href":"https:\/\/www.professionearchitetto.it\/news\/es\/wp-json\/wp\/v2\/posts\/9509\/revisions"}],"wp:featuredmedia":[{"embeddable":true,"href":"https:\/\/www.professionearchitetto.it\/news\/es\/wp-json\/wp\/v2\/media\/9510"}],"wp:attachment":[{"href":"https:\/\/www.professionearchitetto.it\/news\/es\/wp-json\/wp\/v2\/media?parent=9509"}],"wp:term":[{"taxonomy":"category","embeddable":true,"href":"https:\/\/www.professionearchitetto.it\/news\/es\/wp-json\/wp\/v2\/categories?post=9509"},{"taxonomy":"post_tag","embeddable":true,"href":"https:\/\/www.professionearchitetto.it\/news\/es\/wp-json\/wp\/v2\/tags?post=9509"}],"curies":[{"name":"wp","href":"https:\/\/api.w.org\/{rel}","templated":true}]}}