{"id":9707,"date":"2006-11-04T16:10:14","date_gmt":"2006-11-04T15:10:14","guid":{"rendered":"http:\/\/w2.noticiasarquitectura.info\/the-critical-mass-la-discoteca-sostenible\/"},"modified":"2006-11-04T16:10:14","modified_gmt":"2006-11-04T15:10:14","slug":"the-critical-mass-la-discoteca-sostenible","status":"publish","type":"post","link":"https:\/\/www.professionearchitetto.it\/news\/es\/the-critical-mass-la-discoteca-sostenible\/","title":{"rendered":"The Critical Mass: la discoteca sostenible"},"content":{"rendered":"<div class=\"testo_es\"><A href=\"http:\/\/www.off-corso.nl\/\" target=_blank>Off Corso<\/A>, un club de Roterdam, se convirti\u00f3 en la primer discoteca sostenible. La idea es generar electricidad gracias a la energ\u00eda producida por la vibraci\u00f3n de la pista de baile. Este concepto, desarrollado por <A href=\"http:\/\/www.enviu.org\/\" target=_blank>Enviu<\/A> + <A href=\"http:\/\/www.dollab.nl\/\" target=_blank>D\u00f6ll-Atelier voor Bouwkunst<\/A>, fue presentado el pasado 14 de octubre bajo el nombre de <STRONG style=\"FONT-WEIGHT: 400\">\u2018<A href=\"http:\/\/www.enviu.org\/cm\/cm_index_site.html\" target=_blank>The Critical Mass<\/A>\u2019&#8230; Video &gt; <A href=\"https:\/\/noticiasarquitecturablog.blogspot.com\/2006\/10\/la-discoteca-sostenible.html\" target=_blank>na\/blog<\/A> <BR>fuente &gt; <A href=\"http:\/\/www.edgargonzalez.com\/2006\/10\/22\/the-critical-mass\/\" target=_blank>Edgar Gonzalez weblog<\/A><\/STRONG> <\/div>\n","protected":false},"excerpt":{"rendered":"<p>Off Corso, un club de Roterdam, se convirti\u00f3 en la primer discoteca sostenible. La idea es generar electricidad gracias a la energ\u00eda producida por la vibraci\u00f3n de la pista de baile. Este concepto, desarrollado por Enviu + D\u00f6ll-Atelier voor Bouwkunst, fue presentado el pasado 14 de octubre bajo el nombre de \u2018The Critical Mass\u2019&#8230; Video [&hellip;]<\/p>\n","protected":false},"author":1,"featured_media":9708,"comment_status":"open","ping_status":"open","sticky":false,"template":"","format":"standard","meta":{"footnotes":""},"categories":[4],"tags":[],"class_list":{"0":"post-9707","1":"post","2":"type-post","3":"status-publish","4":"format-standard","5":"has-post-thumbnail","7":"category-es"},"amp_enabled":true,"_links":{"self":[{"href":"https:\/\/www.professionearchitetto.it\/news\/es\/wp-json\/wp\/v2\/posts\/9707","targetHints":{"allow":["GET"]}}],"collection":[{"href":"https:\/\/www.professionearchitetto.it\/news\/es\/wp-json\/wp\/v2\/posts"}],"about":[{"href":"https:\/\/www.professionearchitetto.it\/news\/es\/wp-json\/wp\/v2\/types\/post"}],"author":[{"embeddable":true,"href":"https:\/\/www.professionearchitetto.it\/news\/es\/wp-json\/wp\/v2\/users\/1"}],"replies":[{"embeddable":true,"href":"https:\/\/www.professionearchitetto.it\/news\/es\/wp-json\/wp\/v2\/comments?post=9707"}],"version-history":[{"count":0,"href":"https:\/\/www.professionearchitetto.it\/news\/es\/wp-json\/wp\/v2\/posts\/9707\/revisions"}],"wp:featuredmedia":[{"embeddable":true,"href":"https:\/\/www.professionearchitetto.it\/news\/es\/wp-json\/wp\/v2\/media\/9708"}],"wp:attachment":[{"href":"https:\/\/www.professionearchitetto.it\/news\/es\/wp-json\/wp\/v2\/media?parent=9707"}],"wp:term":[{"taxonomy":"category","embeddable":true,"href":"https:\/\/www.professionearchitetto.it\/news\/es\/wp-json\/wp\/v2\/categories?post=9707"},{"taxonomy":"post_tag","embeddable":true,"href":"https:\/\/www.professionearchitetto.it\/news\/es\/wp-json\/wp\/v2\/tags?post=9707"}],"curies":[{"name":"wp","href":"https:\/\/api.w.org\/{rel}","templated":true}]}}