{"id":9763,"date":"2006-10-14T16:06:58","date_gmt":"2006-10-14T15:06:58","guid":{"rendered":"http:\/\/w2.noticiasarquitectura.info\/foro-internacional-densarquitectura-holanda-argentina\/"},"modified":"2006-10-14T16:06:58","modified_gmt":"2006-10-14T15:06:58","slug":"foro-internacional-densarquitectura-holanda-argentina","status":"publish","type":"post","link":"https:\/\/www.professionearchitetto.it\/news\/es\/foro-internacional-densarquitectura-holanda-argentina\/","title":{"rendered":"Foro Internacional densarquitectura \/ Holanda Argentina"},"content":{"rendered":"<div class=\"testo_es\">Argentina: La Carrera de Arquitectura de la <A href=\"http:\/\/www.ubp.edu.ar\/\" target=_blank>Universidad Blas Pascal<\/A> y el <A href=\"http:\/\/www.nai.nl\/\" target=_blank>Nederlands Architectuurinstituut (NAI)<\/A> organizan el <A href=\"http:\/\/www.ubp.edu.ar\/densarquitectura\/\" target=_blank>Foro Internacional densarquitectura \/ Holanda Argentina<\/A> a realizarse los d\u00edas 18, 19 y 20 de octubre de 2006 en la Ciudad de las Artes de <A href=\"http:\/\/es.wikipedia.org\/wiki\/C\u00f3rdoba_(Argentina)\" target=_blank>C\u00f3rdoba<\/A>. Entre los distintos profesionales que estar\u00e1n presentes, se destacan: Felix Claus, de <A href=\"http:\/\/www.clausenkaan.com\/\" target=_blank>Claus y Kaan<\/A>; Jeroen Van Schooten, de <A href=\"http:\/\/www.meyer-vanschooten.nl\/\" target=_blank>Meyer en Van Schooten<\/A>; Willem Jan Neutelings, de <A href=\"http:\/\/www.neutelings-riedijk.com\/\" target=_blank>Neutelings &amp; Riedijk<\/A> y Winy Maas, de <A href=\"http:\/\/www.mvrdv.nl\/_v2\/\" target=_blank>MVRDV<\/A>&#8230;. [<A href=\"http:\/\/www.lavozdelinterior.com.ar\/suplementos\/arquitectura\/06\/10\/14\/nota.asp?nota_id=8995\" target=_blank>La Voz del Interior<\/A>] <\/div>\n","protected":false},"excerpt":{"rendered":"<p>Argentina: La Carrera de Arquitectura de la Universidad Blas Pascal y el Nederlands Architectuurinstituut (NAI) organizan el Foro Internacional densarquitectura \/ Holanda Argentina a realizarse los d\u00edas 18, 19 y 20 de octubre de 2006 en la Ciudad de las Artes de C\u00f3rdoba. Entre los distintos profesionales que estar\u00e1n presentes, se destacan: Felix Claus, de [&hellip;]<\/p>\n","protected":false},"author":1,"featured_media":9764,"comment_status":"open","ping_status":"open","sticky":false,"template":"","format":"standard","meta":{"footnotes":""},"categories":[4],"tags":[],"class_list":{"0":"post-9763","1":"post","2":"type-post","3":"status-publish","4":"format-standard","5":"has-post-thumbnail","7":"category-es"},"amp_enabled":true,"_links":{"self":[{"href":"https:\/\/www.professionearchitetto.it\/news\/es\/wp-json\/wp\/v2\/posts\/9763","targetHints":{"allow":["GET"]}}],"collection":[{"href":"https:\/\/www.professionearchitetto.it\/news\/es\/wp-json\/wp\/v2\/posts"}],"about":[{"href":"https:\/\/www.professionearchitetto.it\/news\/es\/wp-json\/wp\/v2\/types\/post"}],"author":[{"embeddable":true,"href":"https:\/\/www.professionearchitetto.it\/news\/es\/wp-json\/wp\/v2\/users\/1"}],"replies":[{"embeddable":true,"href":"https:\/\/www.professionearchitetto.it\/news\/es\/wp-json\/wp\/v2\/comments?post=9763"}],"version-history":[{"count":0,"href":"https:\/\/www.professionearchitetto.it\/news\/es\/wp-json\/wp\/v2\/posts\/9763\/revisions"}],"wp:featuredmedia":[{"embeddable":true,"href":"https:\/\/www.professionearchitetto.it\/news\/es\/wp-json\/wp\/v2\/media\/9764"}],"wp:attachment":[{"href":"https:\/\/www.professionearchitetto.it\/news\/es\/wp-json\/wp\/v2\/media?parent=9763"}],"wp:term":[{"taxonomy":"category","embeddable":true,"href":"https:\/\/www.professionearchitetto.it\/news\/es\/wp-json\/wp\/v2\/categories?post=9763"},{"taxonomy":"post_tag","embeddable":true,"href":"https:\/\/www.professionearchitetto.it\/news\/es\/wp-json\/wp\/v2\/tags?post=9763"}],"curies":[{"name":"wp","href":"https:\/\/api.w.org\/{rel}","templated":true}]}}