{"id":9823,"date":"2006-10-02T05:02:15","date_gmt":"2006-10-02T04:02:15","guid":{"rendered":"http:\/\/w2.noticiasarquitectura.info\/dia-mundial-de-la-arquitectura\/"},"modified":"2006-10-02T05:02:15","modified_gmt":"2006-10-02T04:02:15","slug":"dia-mundial-de-la-arquitectura","status":"publish","type":"post","link":"https:\/\/www.professionearchitetto.it\/news\/es\/dia-mundial-de-la-arquitectura\/","title":{"rendered":"D\u00eda Mundial de la Arquitectura"},"content":{"rendered":"<div class=\"testo_es\">D\u00eda Mundial de la Arquitectura: Se celebra cada a\u00f1o desde 1985 el primer lunes del mes de Octubre a instancia del Consejo de la <A href=\"http:\/\/www.uia-architectes.org\/count-uia.shtml\" target=_blank>Uni\u00f3n Internacional de Arquitectos (UIA)<\/A>, conjuntamente con el <A href=\"http:\/\/www.unhabitat.org\/categories.asp?catid=490\" target=_blank>D\u00eda Mundial del H\u00e1bitat<\/A> establecido por la Organizaci\u00f3n de las Naciones Unidas (ONU)<\/div>\n","protected":false},"excerpt":{"rendered":"<p>D\u00eda Mundial de la Arquitectura: Se celebra cada a\u00f1o desde 1985 el primer lunes del mes de Octubre a instancia del Consejo de la Uni\u00f3n Internacional de Arquitectos (UIA), conjuntamente con el D\u00eda Mundial del H\u00e1bitat establecido por la Organizaci\u00f3n de las Naciones Unidas (ONU)<\/p>\n","protected":false},"author":1,"featured_media":9824,"comment_status":"open","ping_status":"open","sticky":false,"template":"","format":"standard","meta":{"footnotes":""},"categories":[4],"tags":[],"class_list":{"0":"post-9823","1":"post","2":"type-post","3":"status-publish","4":"format-standard","5":"has-post-thumbnail","7":"category-es"},"amp_enabled":true,"_links":{"self":[{"href":"https:\/\/www.professionearchitetto.it\/news\/es\/wp-json\/wp\/v2\/posts\/9823","targetHints":{"allow":["GET"]}}],"collection":[{"href":"https:\/\/www.professionearchitetto.it\/news\/es\/wp-json\/wp\/v2\/posts"}],"about":[{"href":"https:\/\/www.professionearchitetto.it\/news\/es\/wp-json\/wp\/v2\/types\/post"}],"author":[{"embeddable":true,"href":"https:\/\/www.professionearchitetto.it\/news\/es\/wp-json\/wp\/v2\/users\/1"}],"replies":[{"embeddable":true,"href":"https:\/\/www.professionearchitetto.it\/news\/es\/wp-json\/wp\/v2\/comments?post=9823"}],"version-history":[{"count":0,"href":"https:\/\/www.professionearchitetto.it\/news\/es\/wp-json\/wp\/v2\/posts\/9823\/revisions"}],"wp:featuredmedia":[{"embeddable":true,"href":"https:\/\/www.professionearchitetto.it\/news\/es\/wp-json\/wp\/v2\/media\/9824"}],"wp:attachment":[{"href":"https:\/\/www.professionearchitetto.it\/news\/es\/wp-json\/wp\/v2\/media?parent=9823"}],"wp:term":[{"taxonomy":"category","embeddable":true,"href":"https:\/\/www.professionearchitetto.it\/news\/es\/wp-json\/wp\/v2\/categories?post=9823"},{"taxonomy":"post_tag","embeddable":true,"href":"https:\/\/www.professionearchitetto.it\/news\/es\/wp-json\/wp\/v2\/tags?post=9823"}],"curies":[{"name":"wp","href":"https:\/\/api.w.org\/{rel}","templated":true}]}}