{"id":9987,"date":"2006-08-21T06:47:30","date_gmt":"2006-08-21T05:47:30","guid":{"rendered":"http:\/\/w2.noticiasarquitectura.info\/chile-casa-contador-weller-riesco-rivera-2\/"},"modified":"2006-08-21T06:47:30","modified_gmt":"2006-08-21T05:47:30","slug":"chile-casa-contador-weller-riesco-rivera-2","status":"publish","type":"post","link":"https:\/\/www.professionearchitetto.it\/news\/es\/chile-casa-contador-weller-riesco-rivera-2\/","title":{"rendered":"Chile: Casa Contador-Weller, Riesco + Rivera"},"content":{"rendered":"<div class=\"testo_es\">Chile &gt; Casa Contador-Weller, en Punta del Gallo, Tunqu\u00e9n, dise\u00f1ado por Jose Riesco &amp; Francisca Rivera. &#8216;El encargo es el habitual programa de segunda vivienda en la playa, con un presupuesto limitado. El lugar es un paisaje desolado, al borde de la costa pac\u00edfica. El entorno est\u00e1 dominado por los colores de un agreste y seco clima de Chile Central que todav\u00eda no ha sido transformado por el hombre&#8217;&#8230;.. [<A href=\"http:\/\/www.plataformaarquitectura.cl\/2006\/08\/16\/casa-contador-weller-riesco-rivera\/\" target=_blank>Plataforma Arquitectura<\/A>]<\/div>\n","protected":false},"excerpt":{"rendered":"<p>Chile &gt; Casa Contador-Weller, en Punta del Gallo, Tunqu\u00e9n, dise\u00f1ado por Jose Riesco &amp; Francisca Rivera. &#8216;El encargo es el habitual programa de segunda vivienda en la playa, con un presupuesto limitado. El lugar es un paisaje desolado, al borde de la costa pac\u00edfica. El entorno est\u00e1 dominado por los colores de un agreste y [&hellip;]<\/p>\n","protected":false},"author":1,"featured_media":9988,"comment_status":"open","ping_status":"open","sticky":false,"template":"","format":"standard","meta":{"footnotes":""},"categories":[4],"tags":[],"class_list":{"0":"post-9987","1":"post","2":"type-post","3":"status-publish","4":"format-standard","5":"has-post-thumbnail","7":"category-es"},"amp_enabled":true,"_links":{"self":[{"href":"https:\/\/www.professionearchitetto.it\/news\/es\/wp-json\/wp\/v2\/posts\/9987","targetHints":{"allow":["GET"]}}],"collection":[{"href":"https:\/\/www.professionearchitetto.it\/news\/es\/wp-json\/wp\/v2\/posts"}],"about":[{"href":"https:\/\/www.professionearchitetto.it\/news\/es\/wp-json\/wp\/v2\/types\/post"}],"author":[{"embeddable":true,"href":"https:\/\/www.professionearchitetto.it\/news\/es\/wp-json\/wp\/v2\/users\/1"}],"replies":[{"embeddable":true,"href":"https:\/\/www.professionearchitetto.it\/news\/es\/wp-json\/wp\/v2\/comments?post=9987"}],"version-history":[{"count":0,"href":"https:\/\/www.professionearchitetto.it\/news\/es\/wp-json\/wp\/v2\/posts\/9987\/revisions"}],"wp:featuredmedia":[{"embeddable":true,"href":"https:\/\/www.professionearchitetto.it\/news\/es\/wp-json\/wp\/v2\/media\/9988"}],"wp:attachment":[{"href":"https:\/\/www.professionearchitetto.it\/news\/es\/wp-json\/wp\/v2\/media?parent=9987"}],"wp:term":[{"taxonomy":"category","embeddable":true,"href":"https:\/\/www.professionearchitetto.it\/news\/es\/wp-json\/wp\/v2\/categories?post=9987"},{"taxonomy":"post_tag","embeddable":true,"href":"https:\/\/www.professionearchitetto.it\/news\/es\/wp-json\/wp\/v2\/tags?post=9987"}],"curies":[{"name":"wp","href":"https:\/\/api.w.org\/{rel}","templated":true}]}}