{"id":6117,"date":"2006-07-05T05:30:05","date_gmt":"2006-07-05T04:30:05","guid":{"rendered":"http:\/\/nfw.professionearchitetto.it\/it\/materiali-nuovi-pannelli-per-larchitettura\/"},"modified":"2006-07-05T05:30:05","modified_gmt":"2006-07-05T04:30:05","slug":"materiali-nuovi-pannelli-per-larchitettura","status":"publish","type":"post","link":"https:\/\/www.professionearchitetto.it\/news\/it\/materiali-nuovi-pannelli-per-larchitettura\/","title":{"rendered":"Materiali: nuovi pannelli per l&#8217;architettura"},"content":{"rendered":"<div class=\"testo_it\"><P>Nuovi rivestimenti con <A href=\"http:\/\/www.erwinhauerstudios.com\/index.html\" target=_blank>pannelli perforati<\/A>, metallici o realizzati con fibra a media densit\u00e0 (MDF), la cui superficie  \u00e8 stata <A href=\"http:\/\/www.interlam-design.com\/index.cfm?fuseaction=binders.binder&amp;menuID=1\" target=_blank>modellata o sagomata per riprodurre forme organiche<\/A>&#8230; per saperne di pi\u00f9 &gt; <A href=\"http:\/\/www.architonic.com\/cat\/3250010\/1\" target=_blank>Architonic<\/A>   <\/P>\r\n<P> <\/P>\r\n<P> <\/P><\/div>\n","protected":false},"excerpt":{"rendered":"<p>Nuovi rivestimenti con pannelli perforati, metallici o realizzati con fibra a media densit\u00e0 (MDF), la cui superficie \u00e8 stata modellata o sagomata per riprodurre forme organiche&#8230; per saperne di pi\u00f9 &gt; Architonic<\/p>\n","protected":false},"author":1,"featured_media":6118,"comment_status":"open","ping_status":"open","sticky":false,"template":"","format":"standard","meta":{"footnotes":""},"categories":[4],"tags":[],"class_list":{"0":"post-6117","1":"post","2":"type-post","3":"status-publish","4":"format-standard","5":"has-post-thumbnail","7":"category-it"},"amp_enabled":true,"_links":{"self":[{"href":"https:\/\/www.professionearchitetto.it\/news\/it\/wp-json\/wp\/v2\/posts\/6117","targetHints":{"allow":["GET"]}}],"collection":[{"href":"https:\/\/www.professionearchitetto.it\/news\/it\/wp-json\/wp\/v2\/posts"}],"about":[{"href":"https:\/\/www.professionearchitetto.it\/news\/it\/wp-json\/wp\/v2\/types\/post"}],"author":[{"embeddable":true,"href":"https:\/\/www.professionearchitetto.it\/news\/it\/wp-json\/wp\/v2\/users\/1"}],"replies":[{"embeddable":true,"href":"https:\/\/www.professionearchitetto.it\/news\/it\/wp-json\/wp\/v2\/comments?post=6117"}],"version-history":[{"count":0,"href":"https:\/\/www.professionearchitetto.it\/news\/it\/wp-json\/wp\/v2\/posts\/6117\/revisions"}],"wp:featuredmedia":[{"embeddable":true,"href":"https:\/\/www.professionearchitetto.it\/news\/it\/wp-json\/wp\/v2\/media\/6118"}],"wp:attachment":[{"href":"https:\/\/www.professionearchitetto.it\/news\/it\/wp-json\/wp\/v2\/media?parent=6117"}],"wp:term":[{"taxonomy":"category","embeddable":true,"href":"https:\/\/www.professionearchitetto.it\/news\/it\/wp-json\/wp\/v2\/categories?post=6117"},{"taxonomy":"post_tag","embeddable":true,"href":"https:\/\/www.professionearchitetto.it\/news\/it\/wp-json\/wp\/v2\/tags?post=6117"}],"curies":[{"name":"wp","href":"https:\/\/api.w.org\/{rel}","templated":true}]}}