{"id":6701,"date":"2005-11-04T14:01:42","date_gmt":"2005-11-04T13:01:42","guid":{"rendered":"http:\/\/nfw.professionearchitetto.it\/it\/buenos-aires-eletta-citta-del-design-dallunesco\/"},"modified":"2005-11-04T14:01:42","modified_gmt":"2005-11-04T13:01:42","slug":"buenos-aires-eletta-citta-del-design-dallunesco","status":"publish","type":"post","link":"https:\/\/www.professionearchitetto.it\/news\/it\/buenos-aires-eletta-citta-del-design-dallunesco\/","title":{"rendered":"Buenos Aires eletta &#8216;Citt\u00e0 del Design&#8217; dall&#8217;UNESCO"},"content":{"rendered":"<div class=\"testo_it\"><P><A href=\"http:\/\/www.buenosaires.gov.ar\/\" target=_blank>Buenos Aires<\/A> \u00e8 stata dichiarata &#8220;<A href=\"http:\/\/portal.unesco.org\/culture\/es\/ev.php-URL_ID=28243&amp;URL_DO=DO_TOPIC&amp;URL_SECTION=201.html\" target=_blank>Citt\u00e0 del Design<\/A>&#8221; dall&#8217;UNESCO e integrata quindi nella <A href=\"http:\/\/portal.unesco.org\/culture\/es\/ev.php-URL_ID=24544&amp;URL_DO=DO_TOPIC&amp;URL_SECTION=201.html\" target=_blank>Rete delle Citt\u00e0 Creative<\/A>, creata nel 2002 nell&#8217;ambito del progetto <EM>Alleanza Globale per la Diversit\u00e0 Culturale<\/EM> (The Global Alliance for Cultural Diversity). Il riconoscimento \u00e8 frutto del forte impulso, pubblico e privato, alla promozione e allo sviluppo di questa disciplina. Tra l&#8217;altro, la citt\u00e0 ospita il maggior numero al mondo di studenti di design [<A href=\"http:\/\/www.clarin.com\/diario\/2005\/11\/04\/laciudad\/h-05601.htm\" target=_blank>Clar\u00edn<\/A>]. <\/P>\r\n<P><\/P><\/div>\n","protected":false},"excerpt":{"rendered":"<p>Buenos Aires \u00e8 stata dichiarata &#8220;Citt\u00e0 del Design&#8221; dall&#8217;UNESCO e integrata quindi nella Rete delle Citt\u00e0 Creative, creata nel 2002 nell&#8217;ambito del progetto Alleanza Globale per la Diversit\u00e0 Culturale (The Global Alliance for Cultural Diversity). Il riconoscimento \u00e8 frutto del forte impulso, pubblico e privato, alla promozione e allo sviluppo di questa disciplina. Tra l&#8217;altro, [&hellip;]<\/p>\n","protected":false},"author":1,"featured_media":6702,"comment_status":"open","ping_status":"open","sticky":false,"template":"","format":"standard","meta":{"footnotes":""},"categories":[4],"tags":[],"class_list":{"0":"post-6701","1":"post","2":"type-post","3":"status-publish","4":"format-standard","5":"has-post-thumbnail","7":"category-it"},"amp_enabled":true,"_links":{"self":[{"href":"https:\/\/www.professionearchitetto.it\/news\/it\/wp-json\/wp\/v2\/posts\/6701","targetHints":{"allow":["GET"]}}],"collection":[{"href":"https:\/\/www.professionearchitetto.it\/news\/it\/wp-json\/wp\/v2\/posts"}],"about":[{"href":"https:\/\/www.professionearchitetto.it\/news\/it\/wp-json\/wp\/v2\/types\/post"}],"author":[{"embeddable":true,"href":"https:\/\/www.professionearchitetto.it\/news\/it\/wp-json\/wp\/v2\/users\/1"}],"replies":[{"embeddable":true,"href":"https:\/\/www.professionearchitetto.it\/news\/it\/wp-json\/wp\/v2\/comments?post=6701"}],"version-history":[{"count":0,"href":"https:\/\/www.professionearchitetto.it\/news\/it\/wp-json\/wp\/v2\/posts\/6701\/revisions"}],"wp:featuredmedia":[{"embeddable":true,"href":"https:\/\/www.professionearchitetto.it\/news\/it\/wp-json\/wp\/v2\/media\/6702"}],"wp:attachment":[{"href":"https:\/\/www.professionearchitetto.it\/news\/it\/wp-json\/wp\/v2\/media?parent=6701"}],"wp:term":[{"taxonomy":"category","embeddable":true,"href":"https:\/\/www.professionearchitetto.it\/news\/it\/wp-json\/wp\/v2\/categories?post=6701"},{"taxonomy":"post_tag","embeddable":true,"href":"https:\/\/www.professionearchitetto.it\/news\/it\/wp-json\/wp\/v2\/tags?post=6701"}],"curies":[{"name":"wp","href":"https:\/\/api.w.org\/{rel}","templated":true}]}}