{"id":1105,"date":"2013-06-25T10:58:22","date_gmt":"2013-06-25T08:58:22","guid":{"rendered":"https:\/\/www.professionearchitetto.it\/news\/prog\/?p=1105"},"modified":"2013-06-26T11:00:23","modified_gmt":"2013-06-26T09:00:23","slug":"emilia-romagna-sisma-varato-il-programma-per-riparazione-e-ripristino-delle-opere-pubbliche-e-dei","status":"publish","type":"post","link":"https:\/\/www.professionearchitetto.it\/news\/prog\/emilia-romagna-sisma-varato-il-programma-per-riparazione-e-ripristino-delle-opere-pubbliche-e-dei\/","title":{"rendered":"Emilia-Romagna &#8211; Sisma, varato il Programma per riparazione e ripristino delle opere pubbliche e dei"},"content":{"rendered":"<p>Al via il programma per la riparazione e il ripristino delle opere pubbliche e dei beni culturali danneggiati dal sisma del maggio 2012: 1502 gli interventi proposti dai diversi soggetti interessati per un importo complessivo di 1 miliardo 337 milioni di euro di danni accertati.<\/p>\r\n<p>Il provvedimento, approvato dalla Giunta regionale, \u00e8 stato predisposto dalla struttura tecnica del commissario delegato alla ricostruzione e presidente della Regione Emilia-Romagna, Vasco Errani, in seguito a un lavoro di rilevamento effettuato con la collaborazione dei comuni interessati dal sisma, con la Direzione regionale del Ministero per i beni e le attivit\u00e0 culturali e con la Conferenza episcopale dell\u2019Emilia Romagna.<\/p>\r\n<p>I dettagli del programma sono stati illustrati questa mattina a Bologna dal sottosegretario alla presidenza della Regione Alfredo Bertelli e dagli assessori regionali Alfredo Peri (Infrastrutture) e Gian Carlo Muzzarelli (Attivit\u00e0 produttive).<br \/> Sul sito regionale Dopo il terremoto, nella sezione degli atti per la ricostruzione, sono presenti le tabelle con tutti gli interventi previsti dal Programma, allegati alla delibera della Giunta.<\/p>\r\n<p>Il Programma delle opere pubbliche e del beni culturali prevede gli interventi di riparazione, ripristino con miglioramento sismico e di ricostruzione degli edifici pubblici, comprendenti gli edifici di propriet\u00e0 del demanio, della Regione, degli enti locali, di enti derivati o partecipati da enti pubblici non economici e destinati a pubblici servizi, di infrastrutture pubbliche, dotazioni territoriali e attrezzature pubbliche, nonch\u00e9 degli immobili di propriet\u00e0 degli enti religiosi civilmente riconosciuti destinati a chiese ed opere parrocchiali e tutti gli edifici sottoposti alla tutela, sia quelli espressamente dichiarati di interesse storico\u2013culturale, sia quelli che sono stati costruiti da oltre settanta anni, come definito dalla Direzione regionale del Ministero per i beni e le attivit\u00e0 culturali.<\/p>\r\n<p>Al momento il programma delle opere pubbliche e dei beni culturali comprende solo gli edifici pubblici e beni di propriet\u00e0 di enti ecclesiastici. Con ordinanza il Commissario delegato stabilir\u00e0 le regole per poter finanziare i beni culturali di propriet\u00e0 privata quali: castelli, rocche, ville e palazzi. Tutto questo per garantire un finanziamento adeguato in grado di assicurare il restauro con miglioramento sismico dei beni culturali privati.<\/p>\r\n<p>Il programma sar\u00e0 attuato attraverso piani operativi annuali, predisposti dalla Giunta regionale nei limiti delle risorse disponibili, osservando criteri generali di priorit\u00e0 (stabiliti dalla Legge regionale 16\/2012) e indicazioni stabilite dal Programma stesso. I piani saranno approvati attraverso ordinanze del Commissario delegato. Per la modesta entit\u00e0 e non congruenti con le finalit\u00e0 del programma stesso, non sono stati inseriti gli interventi il cui importo singolo risulta inferiore ad 50 mila euro. Questi interventi saranno realizzati con uno specifico provvedimento che sar\u00e0 assunto dal Commissario delegato.<\/p>\r\n<p>La legge regionale 16\/2012 definisce che l\u2019attuazione degli interventi inseriti nei piani operativi avverr\u00e0 in due fasi. Nella prima fase verr\u00e0 elaborato e presentato il progetto preliminare, sul quale verr\u00e0 acquisito il parere di una commissione, consentendo di avere una previsione del costo complessivo della riparazione o ripristino del bene per l\u2019eventuale rimodulazione del finanziamento che sia gi\u00e0 stato definito o per l\u2019ammissione di un primo stralcio funzionale. Nella seconda fase sar\u00e0 sviluppato il progetto esecutivo a cui seguiranno le procedure di appalto e l\u2019inizio dei lavori.<br \/> La Giunta regionale definir\u00e0, con apposito regolamento, le modalit\u00e0 di erogazione dei contributi previsti e le modalit\u00e0 di rendicontazione finanziaria, nonch\u00e9 i casi e le eventuali modalit\u00e0 di revoca degli stessi. Al fine di verificare la regolare e tempestiva realizzazione degli interventi, la Regione esercita il monitoraggio dell&#8217;esecuzione dei piani attuativi, sulla base della documentazione illustrativa dei risultati raggiunti e delle opere realizzate predisposta dai beneficiari dei contributi, secondo le modalit\u00e0 definite dal regolamento.<br \/> \u00a0<\/p>\r\n<p><strong>I NUMERI DEL PROGRAMMA<br \/><\/strong>Cos\u00ec come indicato nella Legge regionale 16\/2012 sulla ricostruzione, il programma viene articolato in due sezioni distinte: una riguarda gli interventi su opere pubbliche, per un importo complessivo di circa 385 milioni di euro (circa il 29% del totale, pari a 521 interventi) mentre la parte predominante \u00e8 costituita dalla sezione riguardante i beni culturali vincolati che ammonta a circa 952 milioni di euro per 981 interventi (circa il 71% del totale).<\/p>\r\n<p>Nella suddivisione in diverse tipologie d\u2019intervento omogenee, sono state individuate 23 categorie di beni danneggiati. Il maggior numero di richieste \u00e8 quello relativo alle chiese per un importo di circa 339 milioni di euro per 337 interventi. Subito dopo viene il settore delle attrezzature culturali per circa (214 milioni per 168 interventi) e quello attrezzature sanitarie e\/o socio sanitarie per circa (138 milioni per 64 interventi).<\/p>\r\n<p>Ad attuare gli interventi saranno 130 soggetti diversi: per quanto riguarda la loro distribuzione sono significativi gli interventi (698 su 1502) riguardanti l\u2019Arcidiocesi di Bologna, la Diocesi di Carpi, il Comune di Ferrara, l\u2019Arcidiocesi di Ferrara\u2013Comacchio, il Comune di Mirandola, il Consorzio di Bonifica Burana, l\u2019Azienda Ospedaliera Universitaria di Modena\u2013Policlinico, il Comune di Finale Emilia, la Diocesi di Reggio Emilia\u2013Guastalla e l\u2019Arcidiocesi di Modena-Nonantola.<\/p>\r\n<p>Gli interventi con importi al di sotto dei 50 mila euro sono 376 con una spesa prevista pari ad 11 milioni e 562 mila euro, per i quali sono previsti cofinanziamenti per quasi 4 milioni di euro.<\/p>\r\n<p>Sono ricompresi nel programma delle opere pubbliche anche quegli interventi a infrastrutture ferroviarie e opere idrauliche che si trovino fuori dall\u2019Emilia-Romagna, in comuni terremotati della Lombardia, di propriet\u00e0 di aziende con sede sociale nell\u2019area terremotata (Fer, Consorzio Bonifica Emilia Centrale e Consorzio di Bonifica Burana). Per l\u2019attuazione di questi interventi (costo complessivo di oltre 29 milioni di euro) sar\u00e0 stipulata apposita convenzione che individui competenza alla spesa e soggetti attuatori.<\/p>\r\n<div class=\"testiCollegati\">\r\n<ul>\r\n<li><a href=\"http:\/\/www.build.it\/\" target=\"_blank\">www.build.it<\/a><\/li>\r\n<li><a href=\"http:\/\/www.deiconsulting.com\/\" target=\"_blank\">www.deiconsulting.com<\/a><\/li>\r\n<li><a href=\"http:\/\/www.ponteweb.com\/\" target=\"_blank\">www.ponteweb.com<\/a><\/li>\r\n<\/ul>\r\n<\/div>","protected":false},"excerpt":{"rendered":"<p>Al via il programma per la riparazione e il ripristino delle opere pubbliche e dei beni culturali danneggiati dal sisma del maggio 2012.<\/p>\n","protected":false},"author":1,"featured_media":0,"comment_status":"closed","ping_status":"open","sticky":false,"template":"","format":"standard","meta":{"footnotes":""},"categories":[1],"tags":[],"class_list":{"0":"post-1105","1":"post","2":"type-post","3":"status-publish","4":"format-standard","6":"category-prog"},"amp_enabled":true,"_links":{"self":[{"href":"https:\/\/www.professionearchitetto.it\/news\/prog\/wp-json\/wp\/v2\/posts\/1105","targetHints":{"allow":["GET"]}}],"collection":[{"href":"https:\/\/www.professionearchitetto.it\/news\/prog\/wp-json\/wp\/v2\/posts"}],"about":[{"href":"https:\/\/www.professionearchitetto.it\/news\/prog\/wp-json\/wp\/v2\/types\/post"}],"author":[{"embeddable":true,"href":"https:\/\/www.professionearchitetto.it\/news\/prog\/wp-json\/wp\/v2\/users\/1"}],"replies":[{"embeddable":true,"href":"https:\/\/www.professionearchitetto.it\/news\/prog\/wp-json\/wp\/v2\/comments?post=1105"}],"version-history":[{"count":0,"href":"https:\/\/www.professionearchitetto.it\/news\/prog\/wp-json\/wp\/v2\/posts\/1105\/revisions"}],"wp:attachment":[{"href":"https:\/\/www.professionearchitetto.it\/news\/prog\/wp-json\/wp\/v2\/media?parent=1105"}],"wp:term":[{"taxonomy":"category","embeddable":true,"href":"https:\/\/www.professionearchitetto.it\/news\/prog\/wp-json\/wp\/v2\/categories?post=1105"},{"taxonomy":"post_tag","embeddable":true,"href":"https:\/\/www.professionearchitetto.it\/news\/prog\/wp-json\/wp\/v2\/tags?post=1105"}],"curies":[{"name":"wp","href":"https:\/\/api.w.org\/{rel}","templated":true}]}}