{"id":4917,"date":"2025-04-02T07:00:00","date_gmt":"2025-04-02T05:00:00","guid":{"rendered":"https:\/\/www.professionearchitetto.it\/press\/?p=4917"},"modified":"2025-04-23T12:32:34","modified_gmt":"2025-04-23T10:32:34","slug":"quando-un-architetto-progetta-la-sua-casa","status":"publish","type":"post","link":"https:\/\/www.professionearchitetto.it\/press\/progetti\/quando-un-architetto-progetta-la-sua-casa\/","title":{"rendered":"Quando un architetto progetta la sua casa"},"content":{"rendered":"<div class=\"sponsoredby\"><a title=\"Terreal by Wienerberger\" href=\"https:\/\/www.sanmarco.it\/\" target=\"_blank\" rel=\"nofollow noopener noreferrer\"><img loading=\"lazy\" decoding=\"async\" class=\"alignnone\" src=\"\/up\/press\/2025\/04\/Terreal_Logo.png\" alt=\"Terreal by Wienerberger\" width=\"160\" height=\"48\" border=\"0\" \/><\/a><\/div>\r\n<p>Quando il progettista \u00e8 anche il committente.<\/p>\r\n<p>Villa LV nasce dal desiderio dell&#8217;architetto Leonardo Michieletto di costruire la propria casa di famiglia, in un progetto che celebra la fusione tra materia, spazio e luce.<\/p>\r\n<p>Situata a Scorz\u00e8, in provincia di Venezia, questa residenza vuole evocare la <strong>memoria costruttiva del luogo<\/strong>, attraverso la scelta del progettista di utilizzare il <strong>mattone pasta molle tipo a mano prodotto a stampo \u201call&#8217;antica maniera\u201d<\/strong> di <a href=\"https:\/\/www.sanmarco.it\/\" target=\"_blank\" rel=\"nofollow noopener sponsored\"><strong>SanMarco<\/strong><\/a>, marchio entrato recentemente a far parte dell\u2019azienda <a href=\"https:\/\/www.wienerberger.it\/\" target=\"_blank\" rel=\"nofollow noopener sponsored\"><strong>wienerberger<\/strong><\/a>.<\/p>\r\n<div class=\"toc tocIndex\">\r\n<div class=\"toctitle\"><input id=\"toctogglecheckbox\" class=\"toctogglecheckbox\" style=\"display: none;\" role=\"button\" type=\"checkbox\" \/>\r\n<h2>indice dei contenuti<\/h2>\r\n<label class=\"toctogglelabel\" for=\"toctogglecheckbox\"><\/label><\/div>\r\n<ul>\r\n\t<li><a href=\"#IlprogettodiVillaLV\">Il progetto di Villa LV<\/a><\/li>\r\n\t<li><a href=\"#IlruolodelmattonepastamolletipoamanodiSanMarconbsp\">Il ruolo del mattone pasta molle tipo a mano di SanMarco <\/a><\/li>\r\n\t<li><a href=\"#Caratteristichetecnicheeprestazionali\">Caratteristiche tecniche e prestazionali<\/a><\/li>\r\n\t<li><a href=\"#LuceematerianelprogettodiVillaLV\">Luce e materia nel progetto di Villa LV<\/a><\/li>\r\n<\/ul>\r\n<\/div>\r\n<h3><a id=\"IlprogettodiVillaLV\"><\/a>Il progetto di Villa LV<\/h3>\r\n<p>La villa si inserisce in un contesto periferico caratterizzato dalla frammentazione del paesaggio rurale. Il progetto si sviluppa attorno alla volont\u00e0 di <strong>valorizzare la materia e il volume<\/strong>, instaurando una relazione tra il costruito e il paesaggio circostante.<\/p>\r\n<p>L&#8217;uso del <strong>laterizio si affianca al cemento armato<\/strong>, dando vita a un dialogo tra tradizione e innovazione. I due materiali si fondono non solo esteticamente, ma anche funzionalmente, con il mattone che diventa un elemento strutturale.<\/p>\r\n<p><img loading=\"lazy\" decoding=\"async\" class=\"alignnone size-full wp-image-4919\" src=\"\/up\/press\/2025\/04\/8-Casa-LV-MOG-ArchitetturaUrbana.jpg\" alt=\"\" width=\"800\" height=\"533\" border=\"0\" srcset=\"https:\/\/www.professionearchitetto.it\/up\/press\/2025\/04\/8-Casa-LV-MOG-ArchitetturaUrbana.jpg 800w, https:\/\/www.professionearchitetto.it\/up\/press\/2025\/04\/8-Casa-LV-MOG-ArchitetturaUrbana-672x448.jpg 672w, https:\/\/www.professionearchitetto.it\/up\/press\/2025\/04\/8-Casa-LV-MOG-ArchitetturaUrbana-400x267.jpg 400w\" sizes=\"auto, (max-width: 800px) 100vw, 800px\" \/><\/p>\r\n<p>Villa LV \u00e8 organizzata attorno a una scala centrale, elemento che diventa il fulcro del progetto e che \u00e8 visibile anche dall&#8217;esterno. Il piano terra \u00e8 suddiviso in tre volumi: il primo ospita il living e la cucina, caratterizzata da un&#8217;isola in vetro scuro; il secondo \u00e8 destinato allo studio; il terzo raccoglie i locali di servizio, come il bagno e il garage. Al piano superiore, la scala divide gli ambienti in due aree distinte: la zona padronale, con camera matrimoniale e cabina armadio, e la zona notte per i figli. Il legno, utilizzato in essenza naturale (rovere, larice e abete), definisce con calore l&#8217;atmosfera degli interni.<\/p>\r\n<p>La copertura asimmetrica a due falde \u00e8 realizzata con una trave in acciaio di 14 metri che svincola la pianta da elementi strutturali, permettendo al tetto di apparire come un grande elemento sospeso che chiude gli spazi sottostanti.<\/p>\r\n<p><img loading=\"lazy\" decoding=\"async\" class=\"alignnone size-full wp-image-4920\" src=\"\/up\/press\/2025\/04\/15-Casa-LV-MOG-ArchitetturaUrbana.jpg\" alt=\"\" width=\"800\" height=\"1000\" border=\"0\" srcset=\"https:\/\/www.professionearchitetto.it\/up\/press\/2025\/04\/15-Casa-LV-MOG-ArchitetturaUrbana.jpg 800w, https:\/\/www.professionearchitetto.it\/up\/press\/2025\/04\/15-Casa-LV-MOG-ArchitetturaUrbana-672x840.jpg 672w, https:\/\/www.professionearchitetto.it\/up\/press\/2025\/04\/15-Casa-LV-MOG-ArchitetturaUrbana-320x400.jpg 320w\" sizes=\"auto, (max-width: 800px) 100vw, 800px\" \/><\/p>\r\n<h3><a id=\"IlruolodelmattonepastamolletipoamanodiSanMarconbsp\"><\/a>Il ruolo del mattone pasta molle tipo a mano di SanMarco<\/h3>\r\n<p>La scelta del mattone pasta molle tipo a mano, prodotto a stampo \u201call&#8217;antica maniera\u201d di SanMarco by wienerberger, \u00e8 dettata dalla volont\u00e0 di mantenere un forte legame con la tradizione costruttiva locale ed accogliere il senso del tempo, grazie alle caratteristiche estetiche di questo mattone, dove il tempo sembra gi\u00e0 passato, con la sua delicatezza e il suo fascino. Questo mattone fa parte infatti della <strong>collezione <a href=\"https:\/\/www.sanmarco.it\/gamma-facciate\/dogi-2\/\" target=\"_blank\" rel=\"nofollow noopener sponsored\">Dogi<\/a><\/strong>, una linea di <strong>mattoni facciavista, dalla forma lievemente irregolare<\/strong>, come se fosse stata levigata dal tempo.<\/p>\r\n<p>Prodotto con tecniche che richiamano la manifattura artigianale, questo laterizio presenta una <strong>superficie grezza, spigoli arrotondati <\/strong>e <strong>sfumature cromatiche<\/strong>, che rendendo ogni pezzo unico. Il suo utilizzo non \u00e8 solo estetico, ma anche funzionale: le pareti perimetrali sono state progettate per ospitare gli impianti senza compromettere la tecnica costruttiva del muro pieno, garantendo al contempo elevate prestazioni termiche.<\/p>\r\n<p><img loading=\"lazy\" decoding=\"async\" class=\"alignnone size-full wp-image-4921\" src=\"\/up\/press\/2025\/04\/19-Casa-LV-MOG-ArchitetturaUrbana.jpg\" alt=\"\" width=\"800\" height=\"1000\" border=\"0\" srcset=\"https:\/\/www.professionearchitetto.it\/up\/press\/2025\/04\/19-Casa-LV-MOG-ArchitetturaUrbana.jpg 800w, https:\/\/www.professionearchitetto.it\/up\/press\/2025\/04\/19-Casa-LV-MOG-ArchitetturaUrbana-672x840.jpg 672w, https:\/\/www.professionearchitetto.it\/up\/press\/2025\/04\/19-Casa-LV-MOG-ArchitetturaUrbana-320x400.jpg 320w\" sizes=\"auto, (max-width: 800px) 100vw, 800px\" \/><\/p>\r\n<h3><a id=\"Caratteristichetecnicheeprestazionali\"><\/a>Caratteristiche tecniche e prestazionali<\/h3>\r\n<p>Il laterizio pasta molle si distingue per la sua <strong>elevata resistenza meccanica e durabilit\u00e0<\/strong>, caratteristiche che lo rendono ideale per edifici con una forte identit\u00e0 materica. Oltre alla solidit\u00e0 strutturale, questo materiale contribuisce significativamente all&#8217;<strong>efficienza energetica<\/strong> dell&#8217;edificio: grazie alle sue propriet\u00e0 termiche, aiuta a mantenere un clima interno confortevole, regolando l&#8217;umidit\u00e0 in modo naturale e migliorando la qualit\u00e0 abitativa<\/p>\r\n<h3><a id=\"LuceematerianelprogettodiVillaLV\"><\/a>Luce e materia nel progetto di Villa LV<\/h3>\r\n<p>Uno degli aspetti pi\u00f9 studiati nel progetto \u00e8 la <strong>luce naturale<\/strong>, che diventa un elemento attivo nella percezione dello spazio. La variazione della luce durante il giorno e nel corso delle stagioni modella gli interni, rendendoli dinamici e mutevoli.<\/p>\r\n<p>Le finestre in legno-alluminio con cornici minimali e le ampie vetrate creano un&#8217;interazione costante tra interno ed esterno; questa continuit\u00e0 \u00e8 rafforzata anche dalla pavimentazione in cemento industriale. Ma l&#8217;aspetto pi\u00f9 interessante in merito alla luce naturale \u00e8 l&#8217;utilizzo delle <strong>gelosie in mattoni<\/strong>; un richiamo all&#8217;architettura rurale e tradizionale, ma soprattutto una macchina per modulare luci e ombre.<\/p>\r\n<p><img loading=\"lazy\" decoding=\"async\" class=\"alignnone size-full wp-image-4922\" src=\"\/up\/press\/2025\/04\/3-Casa-LV-MOG-ArchitetturaUrbana.jpg\" alt=\"\" width=\"800\" height=\"490\" border=\"0\" srcset=\"https:\/\/www.professionearchitetto.it\/up\/press\/2025\/04\/3-Casa-LV-MOG-ArchitetturaUrbana.jpg 800w, https:\/\/www.professionearchitetto.it\/up\/press\/2025\/04\/3-Casa-LV-MOG-ArchitetturaUrbana-672x412.jpg 672w, https:\/\/www.professionearchitetto.it\/up\/press\/2025\/04\/3-Casa-LV-MOG-ArchitetturaUrbana-400x245.jpg 400w\" sizes=\"auto, (max-width: 800px) 100vw, 800px\" \/><\/p>\r\n<p class=\"spacedw spaceup\" style=\"text-align: center;\"><a href=\"https:\/\/www.sanmarco.it\/\" target=\"_blank\" rel=\"nofollow noopener noreferrer\"><img loading=\"lazy\" decoding=\"async\" class=\"alignnone wp-image-4868\" title=\"Terreal by Wienerberger\" src=\"\/up\/press\/2025\/04\/Terreal_Logo.png\" alt=\"Terreal by Wienerberger\" width=\"220\" height=\"89\" border=\"0\" \/><\/a><br \/>\r\n<strong><br \/>\r\nTERREAL ITALIA<br \/>\r\n<\/strong>Strada alla Nuova Fornace <br \/>\r\n15048 Valenza (AL)<br \/>\r\n<strong>T<\/strong> 0131 941739<br \/>\r\n<a title=\"https:\/\/www.sanmarco.it\/\" href=\"https:\/\/www.sanmarco.it\/\" target=\"_blank\" rel=\"nofollow noopener\">sanmarco.it<\/a><\/p>","protected":false},"excerpt":{"rendered":"<p>Nel progetto per Villa LV, l&#8217;architetto Leonardo Michieletto innesca un dialogo tra tradizione e innovazione attraverso l\u2019uso del mattone pasta molle tipo a mano di SanMarco by wienerberger e il cemento armato. Un progetto che valorizza luce, materia e memoria costruttiva.<\/p>\n","protected":false},"author":4,"featured_media":4918,"comment_status":"closed","ping_status":"closed","sticky":false,"template":"","format":"quote","meta":{"footnotes":""},"categories":[253],"tags":[1041,1040,1039],"class_list":{"0":"post-4917","1":"post","2":"type-post","3":"status-publish","4":"format-quote","5":"has-post-thumbnail","7":"category-progetti","8":"tag-mattone-pasta-molle","9":"tag-mattoni-facciavista","10":"tag-terreal-italia","11":"post_format-post-format-quote"},"_links":{"self":[{"href":"https:\/\/www.professionearchitetto.it\/press\/wp-json\/wp\/v2\/posts\/4917","targetHints":{"allow":["GET"]}}],"collection":[{"href":"https:\/\/www.professionearchitetto.it\/press\/wp-json\/wp\/v2\/posts"}],"about":[{"href":"https:\/\/www.professionearchitetto.it\/press\/wp-json\/wp\/v2\/types\/post"}],"author":[{"embeddable":true,"href":"https:\/\/www.professionearchitetto.it\/press\/wp-json\/wp\/v2\/users\/4"}],"replies":[{"embeddable":true,"href":"https:\/\/www.professionearchitetto.it\/press\/wp-json\/wp\/v2\/comments?post=4917"}],"version-history":[{"count":0,"href":"https:\/\/www.professionearchitetto.it\/press\/wp-json\/wp\/v2\/posts\/4917\/revisions"}],"wp:featuredmedia":[{"embeddable":true,"href":"https:\/\/www.professionearchitetto.it\/press\/wp-json\/wp\/v2\/media\/4918"}],"wp:attachment":[{"href":"https:\/\/www.professionearchitetto.it\/press\/wp-json\/wp\/v2\/media?parent=4917"}],"wp:term":[{"taxonomy":"category","embeddable":true,"href":"https:\/\/www.professionearchitetto.it\/press\/wp-json\/wp\/v2\/categories?post=4917"},{"taxonomy":"post_tag","embeddable":true,"href":"https:\/\/www.professionearchitetto.it\/press\/wp-json\/wp\/v2\/tags?post=4917"}],"curies":[{"name":"wp","href":"https:\/\/api.w.org\/{rel}","templated":true}]}}