{"id":730,"date":"2012-11-02T00:40:09","date_gmt":"2012-11-02T00:40:09","guid":{"rendered":"http:\/\/wiki2.professionearchitetto.it\/valle-giulia-segreteria-didattica\/"},"modified":"2012-11-02T00:40:09","modified_gmt":"2012-11-02T00:40:09","slug":"valle-giulia-segreteria-didattica","status":"publish","type":"post","link":"https:\/\/www.professionearchitetto.it\/wiki\/valle-giulia-segreteria-didattica\/","title":{"rendered":"Valle Giulia &#8211; Segreteria Didattica"},"content":{"rendered":"<p><img decoding=\"async\" src=\"\/wiki\/images\/uploads\/Image\/VGHelp\/ValleGiuliaHelp%2085X85.png\" alt=\"ValleGiuliaHelp%2085X85.png\" \/> <\/p> <h3> <span class=\"mw-headline\" id=\"Segreteria_didattica_della_Facolt.C3.A0_di_Architettura_Valle_Giulia\">Segreteria didattica della Facolt\u00e0 di Architettura Valle Giulia<\/span><\/h3> <p><b>_dove<\/b>: Via A.Gramsci 53 \u2013 Roma (piano terra).  (<a rel=\"nofollow\" target=\"_blank\" class=\"external text\" href=\"http:\/\/maps.google.it\/maps?f=q&amp;hl=it&amp;q=Via+A.Gramsci+53+%E2%80%93+Roma&amp;sll=41.90365,12.51272&amp;sspn=0.008129,0.014226&amp;ie=UTF8&amp;ll=41.918932,12.480512&amp;spn=0.008127,0.014226&amp;t=h&amp;z=16&amp;iwloc=addr&amp;om=1\">vedi su Google Maps<\/a>) <\/p><p>Appena entrati, girare a destra e percorrere il corridoio per met\u00e0. Lo sportello della segreteria si trova lungo il corridoio, dopo il bancomat. <\/p><p><b>_tel:<\/b> 06\/49919158 &#8211; fax 06\/49919160 <\/p><p><b>_e-mail:<\/b> <a rel=\"nofollow\" target=\"_blank\" class=\"external text\" href=\"mailto:arcsegrdid@uniroma1.it\">arcsegrdid@uniroma1.it <\/a> <\/p><p><b>_orario di ricevimento:<\/b> <\/p><p>Luned\u00ec, Mercoled\u00ec e Venerd\u00ec dalle ore 9,00 alle ore 12,00 <\/p><p><b>_servizi:<\/b> <\/p> <ul><li>Richiesta del relatore e della tesi <\/li><\/ul> <ul><li>Cambi di corso <\/li><\/ul> <ul><li>Iscrizione ai laboratori di sintesi finale <\/li><\/ul>  <!-- Tidy found serious XHTML errors -->  <!--  NewPP limit report Preprocessor node count: 3\/1000000 Post-expand include size: 0\/2097152 bytes Template argument size: 0\/2097152 bytes Expensive parser function count: 0\/100 -->  <!-- Saved in parser cache with key wikidb-mw_:pcache:idhash:614-0!*!*!*!*!*!* and timestamp 20130404082454 --> ","protected":false},"excerpt":{"rendered":"<p>Segreteria didattica della Facolt\u00e0 di Architettura Valle Giulia _dove: Via A.Gramsci 53 \u2013 Roma (piano terra). (vedi su Google Maps) Appena entrati, girare a destra e percorrere il corridoio per met\u00e0. Lo sportello della segreteria si trova lungo il corridoio, dopo il bancomat. _tel: 06\/49919158 &#8211; fax 06\/49919160 _e-mail: arcsegrdid@uniroma1.it _orario di ricevimento: Luned\u00ec, Mercoled\u00ec [&hellip;]<\/p>\n","protected":false},"author":1,"featured_media":0,"comment_status":"open","ping_status":"open","sticky":false,"template":"","format":"standard","meta":{"footnotes":""},"categories":[1],"tags":[],"class_list":{"0":"post-730","1":"post","2":"type-post","3":"status-publish","4":"format-standard","6":"category-w"},"views":7828,"amp_enabled":true,"_links":{"self":[{"href":"https:\/\/www.professionearchitetto.it\/wiki\/wp-json\/wp\/v2\/posts\/730","targetHints":{"allow":["GET"]}}],"collection":[{"href":"https:\/\/www.professionearchitetto.it\/wiki\/wp-json\/wp\/v2\/posts"}],"about":[{"href":"https:\/\/www.professionearchitetto.it\/wiki\/wp-json\/wp\/v2\/types\/post"}],"author":[{"embeddable":true,"href":"https:\/\/www.professionearchitetto.it\/wiki\/wp-json\/wp\/v2\/users\/1"}],"replies":[{"embeddable":true,"href":"https:\/\/www.professionearchitetto.it\/wiki\/wp-json\/wp\/v2\/comments?post=730"}],"version-history":[{"count":0,"href":"https:\/\/www.professionearchitetto.it\/wiki\/wp-json\/wp\/v2\/posts\/730\/revisions"}],"wp:attachment":[{"href":"https:\/\/www.professionearchitetto.it\/wiki\/wp-json\/wp\/v2\/media?parent=730"}],"wp:term":[{"taxonomy":"category","embeddable":true,"href":"https:\/\/www.professionearchitetto.it\/wiki\/wp-json\/wp\/v2\/categories?post=730"},{"taxonomy":"post_tag","embeddable":true,"href":"https:\/\/www.professionearchitetto.it\/wiki\/wp-json\/wp\/v2\/tags?post=730"}],"curies":[{"name":"wp","href":"https:\/\/api.w.org\/{rel}","templated":true}]}}